{"id":107372,"date":"2019-09-17T15:52:12","date_gmt":"2019-09-17T13:52:12","guid":{"rendered":"https:\/\/zjarr.tv\/?p=107372"},"modified":"2019-09-17T15:52:12","modified_gmt":"2019-09-17T13:52:12","slug":"shqiptari-kapet-me-arme-ne-lokal-ja-ku-e-kishte-fshehur","status":"publish","type":"post","link":"https:\/\/zjarr.tv\/en\/shqiptari-kapet-me-arme-ne-lokal-ja-ku-e-kishte-fshehur\/","title":{"rendered":"Shqiptari kapet me arm\u00eb n\u00eb lokal, ja ku e kishte fshehur"},"content":{"rendered":"<p>Policia italiane ka ushtruar kontroll n\u00eb or\u00ebt e vona t\u00eb s\u00eb premtes n\u00eb lokalin e nj\u00eb shqiptari, n\u00eb Via Leoncavallo, n\u00eb Milano.<\/p>\n<p>N\u00eb fillim n\u00eb lokal ishte vet\u00ebm v\u00ebllai i pronarit q\u00eb nuk kishte dijeni p\u00ebr pranin\u00eb e arm\u00ebve. Por pak minuta m\u00eb von\u00eb kishte mb\u00ebrritur pronari i lokalit, i cili pranoi se arm\u00ebt ishin t\u00eb tij dhe e justifikoi veten duke i th\u00ebn\u00eb ka nj\u00eb precedent p\u00ebr marrjen e mallrave t\u00eb vjedhura n\u00eb Shqip\u00ebri dhe p\u00ebr t\u2019u mbrojtur veten dhe klubin mbante arm\u00eb.<\/p>\n<p>Menj\u00ebher\u00eb shqiptari 42-vje\u00e7ar u vu n\u00eb pranga.<\/p>\n<p>Policia gjeti dhe sekuestroi n\u00eb momentin e kontrollit nj\u00eb arm\u00eb kalib\u00ebr Tanfoglio 9 x21, e mb\u00ebshtjell\u00eb n\u00eb nj\u00eb qese plastike dhe e futur n\u00ebn tubat ku rridhte uji i makin\u00ebs s\u00eb kafes\u00eb. Gjithashtu u gjet nj\u00eb arm\u00eb tjet\u00ebr , e cila pas ekspertiz\u00ebs rezultoi se kishte realizuar 7 t\u00eb sht\u00ebna.<\/p>","protected":false},"excerpt":{"rendered":"<p>Policia italiane ka ushtruar kontroll n\u00eb or\u00ebt e vona t\u00eb s\u00eb premtes n\u00eb lokalin e nj\u00eb shqiptari, n\u00eb Via Leoncavallo, n\u00eb Milano. N\u00eb fillim n\u00eb lokal ishte vet\u00ebm v\u00ebllai i pronarit q\u00eb nuk kishte dijeni p\u00ebr pranin\u00eb e arm\u00ebve. Por pak minuta m\u00eb von\u00eb kishte mb\u00ebrritur pronari i lokalit, i cili pranoi se arm\u00ebt ishin [&hellip;]<\/p>\n","protected":false},"author":2013,"featured_media":107374,"comment_status":"open","ping_status":"closed","sticky":false,"template":"","format":"standard","meta":{"footnotes":""},"categories":[241,235],"tags":[],"class_list":{"0":"post-107372","1":"post","2":"type-post","3":"status-publish","4":"format-standard","5":"has-post-thumbnail","7":"category-aktualitet","8":"category-vendi"},"_links":{"self":[{"href":"https:\/\/zjarr.tv\/en\/wp-json\/wp\/v2\/posts\/107372","targetHints":{"allow":["GET"]}}],"collection":[{"href":"https:\/\/zjarr.tv\/en\/wp-json\/wp\/v2\/posts"}],"about":[{"href":"https:\/\/zjarr.tv\/en\/wp-json\/wp\/v2\/types\/post"}],"author":[{"embeddable":true,"href":"https:\/\/zjarr.tv\/en\/wp-json\/wp\/v2\/users\/2013"}],"replies":[{"embeddable":true,"href":"https:\/\/zjarr.tv\/en\/wp-json\/wp\/v2\/comments?post=107372"}],"version-history":[{"count":0,"href":"https:\/\/zjarr.tv\/en\/wp-json\/wp\/v2\/posts\/107372\/revisions"}],"wp:featuredmedia":[{"embeddable":true,"href":"https:\/\/zjarr.tv\/en\/wp-json\/wp\/v2\/media\/107374"}],"wp:attachment":[{"href":"https:\/\/zjarr.tv\/en\/wp-json\/wp\/v2\/media?parent=107372"}],"wp:term":[{"taxonomy":"category","embeddable":true,"href":"https:\/\/zjarr.tv\/en\/wp-json\/wp\/v2\/categories?post=107372"},{"taxonomy":"post_tag","embeddable":true,"href":"https:\/\/zjarr.tv\/en\/wp-json\/wp\/v2\/tags?post=107372"}],"curies":[{"name":"wp","href":"https:\/\/api.w.org\/{rel}","templated":true}]}}