{"id":107385,"date":"2019-09-17T19:00:35","date_gmt":"2019-09-17T17:00:35","guid":{"rendered":"https:\/\/zjarr.tv\/?p=107385"},"modified":"2019-09-17T15:56:04","modified_gmt":"2019-09-17T13:56:04","slug":"protesta-ne-paris-kunder-reformave-te-macronit-ne-pensione","status":"publish","type":"post","link":"https:\/\/zjarr.tv\/en\/protesta-ne-paris-kunder-reformave-te-macronit-ne-pensione\/","title":{"rendered":"Protesta n\u00eb Paris kund\u00ebr reformave t\u00eb Macronit n\u00eb pensione"},"content":{"rendered":"<p>Jurist\u00eb, mjek\u00eb e pilot\u00eb protestuan n\u00eb Paris kund\u00ebr planit t\u00eb Qeveris\u00eb s\u00eb Franc\u00ebs p\u00ebr reforma n\u00eb pensione.<\/p>\n<p>Qeveria e presidentit Emmanuel Macron sapo ka nisur nj\u00eb nga reformat m\u00eb ambicioze t\u00eb saj: bashkimin e 42 sistemeve t\u00eb ndryshme t\u00eb pensioneve n\u00eb Franc\u00eb n\u00eb nj\u00eb sistem t\u00eb vet\u00ebm, t\u00eb bazuar n\u00eb pik\u00eb.<\/p>\n<p>Macron k\u00ebmb\u00ebngul se kjo m\u00ebnyr\u00eb do t\u00eb jet\u00eb m\u00eb e drejt\u00eb, por disa profesione thuhet se do t\u00eb humbasin.<\/p>\n<p><em>&#8220;T\u00eb gjitha profesionet k\u00ebtu i kan\u00eb trajtuar mir\u00eb fondet e tyre&#8221;,<\/em>\u00a0tha p\u00ebr agjencin\u00eb Reuters piloti i kompanis\u00eb Air France, Thierry Oriol, i cili ishte nj\u00eb nga disa qindra protestues q\u00eb marshuan n\u00ebp\u00ebr qend\u00ebr t\u00eb Parisit.<\/p>\n<p>N\u00eb fund t\u00eb jav\u00ebs s\u00eb kaluar, pun\u00ebtor\u00ebt e transportit publik n\u00eb Paris kan\u00eb qen\u00eb po ashtu n\u00eb grev\u00eb p\u00ebr shkak t\u00eb reformave n\u00eb pensione.<\/p>\n<p>Sipas k\u00ebtyre reformave, ata q\u00eb dalin n\u00eb pension para mosh\u00ebs 64 vje\u00e7 po ashtu do t\u00eb marrin pension m\u00eb t\u00eb ul\u00ebt.<\/p>\n<p>Qeveria e Franc\u00ebs do q\u00eb parlamenti t\u00eb votoj\u00eb p\u00ebr to n\u00eb fillim t\u00eb vitit t\u00eb ardhsh\u00ebm.<\/p>\n<p>Macron \u00ebsht\u00eb dob\u00ebsuar politikisht nga protestat antiqeveritare t\u00eb l\u00ebvizjes &#8220;Jelek\u00ebt e verdh\u00eb&#8221; qysh n\u00eb fund t\u00eb vitit 2018 dhe n\u00eb fillim t\u00eb k\u00ebtij viti.<\/p>","protected":false},"excerpt":{"rendered":"<p>Jurist\u00eb, mjek\u00eb e pilot\u00eb protestuan n\u00eb Paris kund\u00ebr planit t\u00eb Qeveris\u00eb s\u00eb Franc\u00ebs p\u00ebr reforma n\u00eb pensione. Qeveria e presidentit Emmanuel Macron sapo ka nisur nj\u00eb nga reformat m\u00eb ambicioze t\u00eb saj: bashkimin e 42 sistemeve t\u00eb ndryshme t\u00eb pensioneve n\u00eb Franc\u00eb n\u00eb nj\u00eb sistem t\u00eb vet\u00ebm, t\u00eb bazuar n\u00eb pik\u00eb. Macron k\u00ebmb\u00ebngul se kjo [&hellip;]<\/p>\n","protected":false},"author":2013,"featured_media":107386,"comment_status":"open","ping_status":"closed","sticky":false,"template":"","format":"standard","meta":{"footnotes":""},"categories":[241,191],"tags":[],"class_list":{"0":"post-107385","1":"post","2":"type-post","3":"status-publish","4":"format-standard","5":"has-post-thumbnail","7":"category-aktualitet","8":"category-bota"},"_links":{"self":[{"href":"https:\/\/zjarr.tv\/en\/wp-json\/wp\/v2\/posts\/107385","targetHints":{"allow":["GET"]}}],"collection":[{"href":"https:\/\/zjarr.tv\/en\/wp-json\/wp\/v2\/posts"}],"about":[{"href":"https:\/\/zjarr.tv\/en\/wp-json\/wp\/v2\/types\/post"}],"author":[{"embeddable":true,"href":"https:\/\/zjarr.tv\/en\/wp-json\/wp\/v2\/users\/2013"}],"replies":[{"embeddable":true,"href":"https:\/\/zjarr.tv\/en\/wp-json\/wp\/v2\/comments?post=107385"}],"version-history":[{"count":0,"href":"https:\/\/zjarr.tv\/en\/wp-json\/wp\/v2\/posts\/107385\/revisions"}],"wp:featuredmedia":[{"embeddable":true,"href":"https:\/\/zjarr.tv\/en\/wp-json\/wp\/v2\/media\/107386"}],"wp:attachment":[{"href":"https:\/\/zjarr.tv\/en\/wp-json\/wp\/v2\/media?parent=107385"}],"wp:term":[{"taxonomy":"category","embeddable":true,"href":"https:\/\/zjarr.tv\/en\/wp-json\/wp\/v2\/categories?post=107385"},{"taxonomy":"post_tag","embeddable":true,"href":"https:\/\/zjarr.tv\/en\/wp-json\/wp\/v2\/tags?post=107385"}],"curies":[{"name":"wp","href":"https:\/\/api.w.org\/{rel}","templated":true}]}}