{"id":107473,"date":"2019-09-17T16:43:41","date_gmt":"2019-09-17T14:43:41","guid":{"rendered":"https:\/\/zjarr.tv\/?p=107473"},"modified":"2019-09-17T16:43:41","modified_gmt":"2019-09-17T14:43:41","slug":"babalja-pranon-pazarin-alizoti-ne-gjyq-iu-premtuan-200-mije-euro-per-audio-pergjimin","status":"publish","type":"post","link":"https:\/\/zjarr.tv\/en\/babalja-pranon-pazarin-alizoti-ne-gjyq-iu-premtuan-200-mije-euro-per-audio-pergjimin\/","title":{"rendered":"\u201cBabalja\u201d pranon pazarin, Alizoti n\u00eb gjyq: Iu premtuan 200 mij\u00eb euro p\u00ebr audio-p\u00ebrgjimin"},"content":{"rendered":"<p>Gjykata e Tiran\u00ebs d\u00ebgjoi sot d\u00ebshmin\u00eb e Fredi Alizotit, i implikuar n\u00eb dosjen e ashtuquajtur \u201cBabalja\u201d. Alizoti iu p\u00ebrgjigj pyetjeve t\u00eb prokuror\u00ebve, teksa pranoi akuzat e kall\u00ebzimit t\u00eb rrem\u00eb dhe rr\u00ebfeu para gjykat\u00ebs se ai me Albert Veliun kan\u00eb b\u00ebr\u00eb audio p\u00ebrgjimin.<\/p>\n<p>\u201cPlani, tha Alizoti, ka qen\u00eb q\u00eb n\u00eb shtator t\u00eb 2017, por nuk \u00ebsht\u00eb realizuar, pasi Veliu nuk kishte gjetur njer\u00ebz t\u00eb besuar n\u00eb Vlor\u00eb. M\u00eb pas i kishte k\u00ebrkuar s\u00ebrish Alizotit, dhe ky i fundit tha se ka pranuar ta b\u00ebnte, pasi b\u00ebhej fjal\u00eb p\u00ebr 200 mij\u00eb euro, q\u00eb sipas tij, ia ka premtuar Ervin Salianji\u201d.<\/p>\n<p>Sipas Alizotit, \u00ebsht\u00eb ky i fundit q\u00eb gjithashtu i ka siguruar stilolapsat p\u00ebr p\u00ebrgjim. \u201cMos marrja e lek\u00ebve, tha i pandehuri, m\u00eb shtyu q\u00eb t\u00eb tregoj t\u00eb v\u00ebrtet\u00ebn\u201d, nd\u00ebrsa shtoi se ishte ndjer\u00eb i k\u00ebrc\u00ebnuar. Nga ana tjet\u00ebr, Alizoti u pyet edhe nga avokati Indrit Sefa, i cili ngriti dyshime n\u00eb lidhje me th\u00ebniet e tij, duke e pyetur p\u00ebr disa p\u00ebrgjime, ku Alizoti fliste miq\u00ebsisht me drejtorin e Policis\u00eb s\u00eb Fierit.<\/p>\n<p>\u201cNuk i kam miq, por tek ata ndihesha i sigurt\u201d, tha Alizoti, teksa i p\u00ebrgjigjej pyetjes s\u00eb avokatit. Sefa shtoi se personaliteti i t\u00eb pandehurit nuk \u00ebsht\u00eb i besuesh\u00ebm dhe se ai ka implikuar n\u00eb k\u00ebt\u00eb histori njer\u00ebz q\u00eb nuk i njeh dhe as i ka par\u00eb ndonj\u00ebher\u00eb n\u00eb jet\u00eb.<\/p>","protected":false},"excerpt":{"rendered":"<p>Gjykata e Tiran\u00ebs d\u00ebgjoi sot d\u00ebshmin\u00eb e Fredi Alizotit, i implikuar n\u00eb dosjen e ashtuquajtur \u201cBabalja\u201d. Alizoti iu p\u00ebrgjigj pyetjeve t\u00eb prokuror\u00ebve, teksa pranoi akuzat e kall\u00ebzimit t\u00eb rrem\u00eb dhe rr\u00ebfeu para gjykat\u00ebs se ai me Albert Veliun kan\u00eb b\u00ebr\u00eb audio p\u00ebrgjimin. \u201cPlani, tha Alizoti, ka qen\u00eb q\u00eb n\u00eb shtator t\u00eb 2017, por nuk \u00ebsht\u00eb [&hellip;]<\/p>\n","protected":false},"author":2013,"featured_media":107475,"comment_status":"open","ping_status":"closed","sticky":false,"template":"","format":"standard","meta":{"footnotes":""},"categories":[241,235],"tags":[],"class_list":{"0":"post-107473","1":"post","2":"type-post","3":"status-publish","4":"format-standard","5":"has-post-thumbnail","7":"category-aktualitet","8":"category-vendi"},"_links":{"self":[{"href":"https:\/\/zjarr.tv\/en\/wp-json\/wp\/v2\/posts\/107473","targetHints":{"allow":["GET"]}}],"collection":[{"href":"https:\/\/zjarr.tv\/en\/wp-json\/wp\/v2\/posts"}],"about":[{"href":"https:\/\/zjarr.tv\/en\/wp-json\/wp\/v2\/types\/post"}],"author":[{"embeddable":true,"href":"https:\/\/zjarr.tv\/en\/wp-json\/wp\/v2\/users\/2013"}],"replies":[{"embeddable":true,"href":"https:\/\/zjarr.tv\/en\/wp-json\/wp\/v2\/comments?post=107473"}],"version-history":[{"count":0,"href":"https:\/\/zjarr.tv\/en\/wp-json\/wp\/v2\/posts\/107473\/revisions"}],"wp:featuredmedia":[{"embeddable":true,"href":"https:\/\/zjarr.tv\/en\/wp-json\/wp\/v2\/media\/107475"}],"wp:attachment":[{"href":"https:\/\/zjarr.tv\/en\/wp-json\/wp\/v2\/media?parent=107473"}],"wp:term":[{"taxonomy":"category","embeddable":true,"href":"https:\/\/zjarr.tv\/en\/wp-json\/wp\/v2\/categories?post=107473"},{"taxonomy":"post_tag","embeddable":true,"href":"https:\/\/zjarr.tv\/en\/wp-json\/wp\/v2\/tags?post=107473"}],"curies":[{"name":"wp","href":"https:\/\/api.w.org\/{rel}","templated":true}]}}