{"id":107553,"date":"2019-09-18T14:23:18","date_gmt":"2019-09-18T12:23:18","guid":{"rendered":"https:\/\/zjarr.tv\/?p=107553"},"modified":"2019-09-18T14:23:18","modified_gmt":"2019-09-18T12:23:18","slug":"75-vjetori-i-clirimit-homazhe-ne-gjirokaster-ithtaret-e-diktatorit-me-foton-e-tij","status":"publish","type":"post","link":"https:\/\/zjarr.tv\/en\/75-vjetori-i-clirimit-homazhe-ne-gjirokaster-ithtaret-e-diktatorit-me-foton-e-tij\/","title":{"rendered":"75-vjetori i \u00e7lirimit, homazhe n\u00eb Gjirokast\u00ebr. Ithtar\u00ebt e diktatorit me foton e tij"},"content":{"rendered":"<p>Gjirokastra ka festuar 75-vjetorin e \u00e7lirimit me nj\u00eb s\u00ebr\u00eb aktivitetesh t\u00eb shtrira p\u00ebrgjat\u00eb tre dit\u00ebve. Veteran\u00eb, familjar\u00eb e pushtetar\u00eb kan\u00eb b\u00ebr\u00eb homazhe n\u00eb varrezat e d\u00ebshmor\u00ebve ku nuk kan\u00eb munguar edhe simpatizant\u00ebt e diktatorit, me foton e tij.<\/p>\n<p>Ata kan\u00eb mbajtur lart foton e diktatorit Enver Hoxha lart n\u00eb memorialin n\u00eb Varrezat e D\u00ebshmor\u00ebve duke shprehur vler\u00ebsimin p\u00ebr t\u00eb.<\/p>\n<p>Nd\u00ebrsa nx\u00ebn\u00ebsit e shkollave me shamin\u00eb e kuqe n\u00eb qaf\u00eb kan\u00eb vendosur nga nj\u00eb lule n\u00eb \u00e7do varr d\u00ebshmori.<\/p>","protected":false},"excerpt":{"rendered":"<p>Gjirokastra ka festuar 75-vjetorin e \u00e7lirimit me nj\u00eb s\u00ebr\u00eb aktivitetesh t\u00eb shtrira p\u00ebrgjat\u00eb tre dit\u00ebve. Veteran\u00eb, familjar\u00eb e pushtetar\u00eb kan\u00eb b\u00ebr\u00eb homazhe n\u00eb varrezat e d\u00ebshmor\u00ebve ku nuk kan\u00eb munguar edhe simpatizant\u00ebt e diktatorit, me foton e tij. Ata kan\u00eb mbajtur lart foton e diktatorit Enver Hoxha lart n\u00eb memorialin n\u00eb Varrezat e D\u00ebshmor\u00ebve duke [&hellip;]<\/p>\n","protected":false},"author":2013,"featured_media":107555,"comment_status":"open","ping_status":"closed","sticky":false,"template":"","format":"standard","meta":{"footnotes":""},"categories":[241,235],"tags":[],"class_list":{"0":"post-107553","1":"post","2":"type-post","3":"status-publish","4":"format-standard","5":"has-post-thumbnail","7":"category-aktualitet","8":"category-vendi"},"_links":{"self":[{"href":"https:\/\/zjarr.tv\/en\/wp-json\/wp\/v2\/posts\/107553","targetHints":{"allow":["GET"]}}],"collection":[{"href":"https:\/\/zjarr.tv\/en\/wp-json\/wp\/v2\/posts"}],"about":[{"href":"https:\/\/zjarr.tv\/en\/wp-json\/wp\/v2\/types\/post"}],"author":[{"embeddable":true,"href":"https:\/\/zjarr.tv\/en\/wp-json\/wp\/v2\/users\/2013"}],"replies":[{"embeddable":true,"href":"https:\/\/zjarr.tv\/en\/wp-json\/wp\/v2\/comments?post=107553"}],"version-history":[{"count":0,"href":"https:\/\/zjarr.tv\/en\/wp-json\/wp\/v2\/posts\/107553\/revisions"}],"wp:featuredmedia":[{"embeddable":true,"href":"https:\/\/zjarr.tv\/en\/wp-json\/wp\/v2\/media\/107555"}],"wp:attachment":[{"href":"https:\/\/zjarr.tv\/en\/wp-json\/wp\/v2\/media?parent=107553"}],"wp:term":[{"taxonomy":"category","embeddable":true,"href":"https:\/\/zjarr.tv\/en\/wp-json\/wp\/v2\/categories?post=107553"},{"taxonomy":"post_tag","embeddable":true,"href":"https:\/\/zjarr.tv\/en\/wp-json\/wp\/v2\/tags?post=107553"}],"curies":[{"name":"wp","href":"https:\/\/api.w.org\/{rel}","templated":true}]}}