{"id":107554,"date":"2019-09-18T14:24:37","date_gmt":"2019-09-18T12:24:37","guid":{"rendered":"https:\/\/zjarr.tv\/?p=107554"},"modified":"2019-09-18T14:24:37","modified_gmt":"2019-09-18T12:24:37","slug":"denaj-pika-nderkufitare-one-stop-shop-mes-shqiperise-dhe-maqedonise-se-veriut","status":"publish","type":"post","link":"https:\/\/zjarr.tv\/en\/denaj-pika-nderkufitare-one-stop-shop-mes-shqiperise-dhe-maqedonise-se-veriut\/","title":{"rendered":"Denaj: Pika nd\u00ebrkufitare \u201cOne Stop Shop\u201d mes Shqip\u00ebris\u00eb dhe Maqedonis\u00eb s\u00eb Veriut"},"content":{"rendered":"<p>Ministrja e Financave dhe Ekonomis\u00eb, znj. Anila Denaj, priti n\u00eb nj\u00eb takim ministrin e Ekonomis\u00eb t\u00eb Maqedonis\u00eb s\u00eb Veriut, z. Kreshnik Bekteshi.<\/p>\n<p>Gjat\u00eb takimit, pal\u00ebt ran\u00eb dakord p\u00ebr krijimin e grupeve t\u00eb p\u00ebrbashk\u00ebta teknike, t\u00eb cilat do t\u00eb shqyrtojn\u00eb mund\u00ebsin\u00eb e ngritjes s\u00eb pikave nd\u00ebrkufitare sipas modelit \u201cOne Stop Shop\u201d, n\u00eb m\u00ebnyr\u00eb q\u00eb t\u00eb leht\u00ebsohet l\u00ebvizja e mallrave dhe njer\u00ebzve mes dy vendeve dhe t\u00eb shkurtohet ndjesh\u00ebm koha e q\u00ebndrimit t\u00eb biznesit n\u00eb kufi. Grupet teknike do t\u00eb sjellin sa m\u00eb shpejt propozimet e tyre, t\u00eb cilat mund p\u00ebrfshijn\u00eb edhe mund\u00ebsin\u00eb e ndryshimit t\u00eb kuadrit ligjor, propozime q\u00eb m\u00eb pas do t\u00eb shqyrtohen dhe aprovohen n\u00eb instancat p\u00ebrkat\u00ebse t\u00eb dy vendeve.<\/p>\n<p>\u201cObjektivi i takimit t\u00eb sot\u00ebm \u00ebsht\u00eb t\u00eb intensifikojm\u00eb marr\u00ebdh\u00ebniet e bashk\u00ebpunimit mes dy vendeve tona, n\u00eb mund\u00ebsin\u00eb p\u00ebr t\u00eb rritur m\u00eb tej zhvillimin ekonomik t\u00eb dy vendeve, por nj\u00ebkoh\u00ebsisht p\u00ebr t\u00eb leht\u00ebsuar l\u00ebvizjen e lir\u00eb t\u00eb njer\u00ebzve dhe t\u00eb mallrave, dhe p\u00ebr k\u00ebt\u00eb t\u00eb dyt\u00ebn kemi rakorduar n\u00eb disa plane pune. S\u00eb pari, p\u00ebr t\u00eb vendosur n\u00eb plan pune teknik grupet tona, t\u00eb cilat do t\u00eb shqyrtojn\u00eb mund\u00ebsin\u00eb e krijimit t\u00eb \u201cOne Stop Shop\u201d, si n\u00eb legjislacionin shqiptar, ashtu dhe at\u00eb maqedonas, p\u00ebr t\u00eb mund\u00ebsuar nj\u00eb praktik\u00eb teknike brenda dy muajve t\u00eb ardhsh\u00ebm dhe t\u00eb mund\u00ebsojm\u00eb nj\u00eb zgjidhje teknike, q\u00eb e gjith\u00eb l\u00ebvizja e mallrave t\u00eb ndodh\u00eb n\u00eb nj\u00eb sportel dhe t\u00eb jet\u00eb realisht n\u00eb koh\u00eb optimale, p\u00ebr t\u00eb mos vonuar biznesin. Fol\u00ebm dhe p\u00ebr m\u00ebnyr\u00ebn e komunikimit t\u00eb m\u00ebtejsh\u00ebm, krijimin e nj\u00eb Komiteti, i cili n\u00eb m\u00ebnyr\u00eb permanente do t\u00eb bashk\u00ebpunoj\u00eb, grupet teknike me grupet politike, p\u00ebr t\u00eb dh\u00ebn\u00eb zgjidhje problematikave t\u00eb bizneseve n\u00eb vijim. Mendojm\u00eb q\u00eb ka shum\u00eb oportunitete t\u00eb pashfryt\u00ebzuara dhe ky takim i sot\u00ebm i sh\u00ebrben k\u00ebtij kuadri\u201d, tha Ministrja Denaj.<\/p>\n<p>Edhe ministri i Ekonomis\u00eb s\u00eb Maqedonis\u00eb s\u00eb Veriut, z. Kreshnik Bekteshi vuri theksin n\u00eb intensifikimit e bashk\u00ebpunimit sa i p\u00ebrket krijimit t\u00eb pikat t\u00eb p\u00ebrbashk\u00ebta nd\u00ebrkufitare \u201cOne Stop Shop\u201d mes dy vendeve pasi, sipas tij, n\u00eb k\u00ebt\u00eb m\u00ebnyr\u00eb mund t\u00eb rriten shk\u00ebmbimet tregtare dhe qarkullimi i qytetar\u00ebve t\u00eb dy vendeve. \u201cNe si qeveri jemi t\u00eb gatsh\u00ebm, q\u00eb nga fillimi i jav\u00ebs s\u00eb ardhshme, t\u00eb miratojm\u00eb marr\u00ebveshjen sa i p\u00ebrket fillimit t\u00eb negociatave n\u00eb nivel teknik, t\u00eb krijojm\u00eb grupet e pun\u00ebs dhe presim q\u00eb n\u00eb nj\u00eb afat prej dy muajsh t\u00eb n\u00ebnshkruajm\u00eb dhe marr\u00ebveshjet finale sa i p\u00ebrket krijimit t\u00eb \u201cOne Stop Shop\u201d mes dy vendeve\u201d, u shpreh z. Bekteshi.<\/p>\n<p>Nj\u00eb tjet\u00ebr \u00e7\u00ebshtje e diskutuar mes dy ministrave ishte ajo e investimeve t\u00eb huaja, n\u00eb orientimin e politikave t\u00eb p\u00ebrbashk\u00ebta p\u00ebr t\u00ebrheqjen e k\u00ebtyre investimeve, q\u00eb nga infrastruktura rrugore, p\u00ebrmir\u00ebsimi dhe forcimi i kapitalit njer\u00ebzor, etj.<\/p>\n<p>\u201cP\u00ebrsa i p\u00ebrket infrastruktur\u00ebs rrugore, Rruga e Arbrit, e cila po avancon n\u00eb m\u00ebnyr\u00eb t\u00eb dukshme, do i bashkoj\u00eb shum\u00eb m\u00eb tep\u00ebr vendet tona dhe besoj q\u00eb dhe n\u00eb krahun e Maqedonis\u00eb s\u00eb Veriut po b\u00ebhen p\u00ebrpjekje p\u00ebr ta intensifikuar at\u00eb. Kapitali njer\u00ebzor, i cili \u00ebsht\u00eb nj\u00eb aset p\u00ebr t\u00eb dy vendet tona, na v\u00eb p\u00ebrpara obligimeve p\u00ebr ta p\u00ebrmir\u00ebsuar, kryesisht n\u00eb aft\u00ebsit\u00eb profesionale, dhe p\u00ebr t\u00eb k\u00ebmbyer mjaftuesh\u00ebm eksperienca. Maqedonia e Veriut ka nj\u00eb eksperienc\u00eb m\u00eb avangard\u00eb p\u00ebr thithjen e investitor\u00ebve t\u00eb huaj n\u00eb sektor\u00eb t\u00eb caktuar, si ai automobile, p\u00ebr t\u00eb cil\u00ebn diskutuam. Fol\u00ebm edhe p\u00ebr ng\u00ebr\u00e7et q\u00eb k\u00ebta sektor\u00eb po hasin, sidomos n\u00eb tregun e pun\u00ebs, p\u00ebr nivele t\u00eb larta kualifikuese, ku aty mund t\u00eb intensifikojm\u00eb marr\u00ebdh\u00ebniet jo vet\u00ebm n\u00eb njohjen e certifikatave t\u00eb shkollave tona profesionale, por edhe kurseve t\u00eb specializuara t\u00eb cilat do t\u00eb vijn\u00eb n\u00eb ndihm\u00eb, kryesisht t\u00eb investitor\u00ebve t\u00eb huaj, kur vendosin t\u00eb vijn\u00eb n\u00eb Shqip\u00ebri. Besojm\u00eb q\u00eb shk\u00ebmbimi i vitit 2018 n\u00eb 142 milion\u00eb euro duhet t\u00eb rritet, jo vet\u00ebm nga kompanit\u00eb lokale, por ato nd\u00ebrkomb\u00ebtare. K\u00ebrkohet nj\u00eb certifikim shum\u00eb m\u00eb i mir\u00eb i aft\u00ebsive profesionale dhe infrastruktur\u00ebs rrugore, pun\u00eb e cila p\u00ebr t\u00eb dy vendet duhet t\u00eb intensifikohet dhe m\u00eb shum\u00eb n\u00eb syt\u00eb e investitor\u00ebve t\u00eb huaj, t\u00eb cil\u00ebt nuk mund t\u00eb hedhin syt\u00eb vet\u00ebm n\u00eb nj\u00eb vend t\u00eb vog\u00ebl, por t\u00eb krijojm\u00eb nj\u00eb ekonomi shkalle dhe t\u00eb jet\u00eb n\u00eb nivel rajon, jo vet\u00ebm p\u00ebr dy vendet, por p\u00ebr t\u00eb gjith\u00eb vendet e Ballkanit Per\u00ebndimor\u201d, tha znj. Denaj.<\/p>\n<p>P\u00ebr k\u00ebt\u00eb \u00e7\u00ebshtje, ministri i Ekonomis\u00eb s\u00eb Maqedonis\u00eb s\u00eb Veriut vuri theksin n\u00eb shk\u00ebmbimin e eksperienc\u00ebs mes dy vendeve, forcimin e bashk\u00ebpunimit dhe heqjen e barrierave mes vendet t\u00eb rajonit. \u201cNe duhet t\u00eb fokusohemi q\u00eb n\u00eb vendet tona t\u00eb rrisim tregun dhe nj\u00eb investitor i huaj, i cili do t\u00eb vij\u00eb t\u00eb investoj\u00eb n\u00eb Maqedonin\u00eb e Veriut, t\u00eb ket\u00eb si treg edhe Republik\u00ebn e Shqip\u00ebris\u00eb dhe anasjelltas. \u00cbsht\u00eb me shum\u00eb r\u00ebnd\u00ebsi t\u00eb leht\u00ebsohen t\u00eb gjitha procedurat n\u00eb rajon\u201d, theksoi z. Bekteshi.<\/p>","protected":false},"excerpt":{"rendered":"<p>Ministrja e Financave dhe Ekonomis\u00eb, znj. Anila Denaj, priti n\u00eb nj\u00eb takim ministrin e Ekonomis\u00eb t\u00eb Maqedonis\u00eb s\u00eb Veriut, z. Kreshnik Bekteshi. Gjat\u00eb takimit, pal\u00ebt ran\u00eb dakord p\u00ebr krijimin e grupeve t\u00eb p\u00ebrbashk\u00ebta teknike, t\u00eb cilat do t\u00eb shqyrtojn\u00eb mund\u00ebsin\u00eb e ngritjes s\u00eb pikave nd\u00ebrkufitare sipas modelit \u201cOne Stop Shop\u201d, n\u00eb m\u00ebnyr\u00eb q\u00eb t\u00eb leht\u00ebsohet [&hellip;]<\/p>\n","protected":false},"author":2013,"featured_media":107557,"comment_status":"open","ping_status":"closed","sticky":false,"template":"","format":"standard","meta":{"footnotes":""},"categories":[241,235],"tags":[],"class_list":{"0":"post-107554","1":"post","2":"type-post","3":"status-publish","4":"format-standard","5":"has-post-thumbnail","7":"category-aktualitet","8":"category-vendi"},"_links":{"self":[{"href":"https:\/\/zjarr.tv\/en\/wp-json\/wp\/v2\/posts\/107554","targetHints":{"allow":["GET"]}}],"collection":[{"href":"https:\/\/zjarr.tv\/en\/wp-json\/wp\/v2\/posts"}],"about":[{"href":"https:\/\/zjarr.tv\/en\/wp-json\/wp\/v2\/types\/post"}],"author":[{"embeddable":true,"href":"https:\/\/zjarr.tv\/en\/wp-json\/wp\/v2\/users\/2013"}],"replies":[{"embeddable":true,"href":"https:\/\/zjarr.tv\/en\/wp-json\/wp\/v2\/comments?post=107554"}],"version-history":[{"count":0,"href":"https:\/\/zjarr.tv\/en\/wp-json\/wp\/v2\/posts\/107554\/revisions"}],"wp:featuredmedia":[{"embeddable":true,"href":"https:\/\/zjarr.tv\/en\/wp-json\/wp\/v2\/media\/107557"}],"wp:attachment":[{"href":"https:\/\/zjarr.tv\/en\/wp-json\/wp\/v2\/media?parent=107554"}],"wp:term":[{"taxonomy":"category","embeddable":true,"href":"https:\/\/zjarr.tv\/en\/wp-json\/wp\/v2\/categories?post=107554"},{"taxonomy":"post_tag","embeddable":true,"href":"https:\/\/zjarr.tv\/en\/wp-json\/wp\/v2\/tags?post=107554"}],"curies":[{"name":"wp","href":"https:\/\/api.w.org\/{rel}","templated":true}]}}