{"id":107562,"date":"2019-09-18T14:54:08","date_gmt":"2019-09-18T12:54:08","guid":{"rendered":"https:\/\/zjarr.tv\/?p=107562"},"modified":"2019-09-18T14:54:08","modified_gmt":"2019-09-18T12:54:08","slug":"letra-e-veliaj-per-nxenesit-zedhenesja-e-pd-shkelje-flagrante-e-ligjit-cmenduri","status":"publish","type":"post","link":"https:\/\/zjarr.tv\/en\/letra-e-veliaj-per-nxenesit-zedhenesja-e-pd-shkelje-flagrante-e-ligjit-cmenduri\/","title":{"rendered":"Letra e Veliaj p\u00ebr nx\u00ebn\u00ebsit, z\u00ebdh\u00ebn\u00ebsja e PD: Shkelje flagrante e ligjit, \u00e7menduri!"},"content":{"rendered":"<p>Z\u00ebdh\u00ebn\u00ebsja e PD Ina Zhupa e cil\u00ebson nj\u00eb shkelje flagrante t\u00eb ligjit, letr\u00ebn e personalizuar t\u00eb kryebashkiakut t\u00eb Tiran\u00ebs Erion Veliaj p\u00ebr nx\u00ebn\u00ebsit q\u00eb m\u00ebsojn\u00eb n\u00eb Tiran\u00eb. N\u00eb nj\u00eb status n\u00eb \u201cFacebook\u201d, Zhupa shkruan se Veliaj po indoktrinon f\u00ebmij\u00ebt me arritjet e tij imagjinare.<\/p>\n<p>Sipas saj, t\u00eb \u00e7osh f\u00ebmij\u00ebt n\u00eb shkoll\u00eb dhe t\u00eb m\u00ebsojn\u00eb p\u00ebr \u201carritjet\u201d e Veliajt, kjo \u00ebsht\u00eb \u00e7menduri.<\/p>\n<p>POSTIMI I PLOT\u00cb<br \/>\nShkelje flagrante e ligjit, ku shkolla p\u00ebrcaktohet si nj\u00eb institucion i depolitizuar! Keq p\u00ebrdorimi i imazhit t\u00eb f\u00ebmij\u00ebve pa konsensusit e prind\u00ebrve p\u00ebr motive politike dhe p\u00ebr p\u00ebrfitime personale t\u00eb Veliajt! Manipulim propagandistik i f\u00ebmij\u00ebve, ende t\u00eb paformuar p\u00ebr t\u00eb gjykuar politikisht, duke i indoktrinuar me mesazhe t\u00eb shp\u00ebrndara nga m\u00ebsuesit e tyre, q\u00eb p\u00ebr ta jan\u00eb figura edukative. (m\u00ebsuesja edhe pozon n\u00eb foto me letr\u00ebn e Veliajt)<br \/>\nLetra e Veliajt q\u00eb mban n\u00eb dor\u00eb m\u00ebsuesja dhe q\u00eb iu \u00ebsht\u00eb dh\u00ebn\u00eb n\u00eb \u00e7do shkoll\u00eb t\u00eb Tiran\u00ebs f\u00ebmij\u00ebve p\u00ebrmban propagand\u00eb politike ku liston sukseset imagjinare t\u00eb Veliajt, Piramida e re, maratona e Tiran\u00ebs etj.<br \/>\nT\u00eb \u00e7osh f\u00ebmij\u00ebt n\u00eb shkoll\u00eb dhe t\u00eb m\u00ebsojn\u00eb p\u00ebr \u201carritjet\u201d e Veliajt, kjo \u00ebsht\u00eb \u00e7menduri! Arritjet e partis\u00eb dhe shokut Enver m\u00ebsoheshin me zell n\u00eb shkollat shqiptare gjat\u00eb komunizmit. T\u00eb degradosh n\u00eb k\u00ebt\u00eb pik\u00eb n\u00eb vitin 2019, \u00ebsht\u00eb dit\u00eb e zez\u00eb p\u00ebr edukimin dhe p\u00ebr demokracin\u00eb.<\/p>\n<p>Ina Zhupa Fb<\/p>","protected":false},"excerpt":{"rendered":"<p>Z\u00ebdh\u00ebn\u00ebsja e PD Ina Zhupa e cil\u00ebson nj\u00eb shkelje flagrante t\u00eb ligjit, letr\u00ebn e personalizuar t\u00eb kryebashkiakut t\u00eb Tiran\u00ebs Erion Veliaj p\u00ebr nx\u00ebn\u00ebsit q\u00eb m\u00ebsojn\u00eb n\u00eb Tiran\u00eb. N\u00eb nj\u00eb status n\u00eb \u201cFacebook\u201d, Zhupa shkruan se Veliaj po indoktrinon f\u00ebmij\u00ebt me arritjet e tij imagjinare. Sipas saj, t\u00eb \u00e7osh f\u00ebmij\u00ebt n\u00eb shkoll\u00eb dhe t\u00eb m\u00ebsojn\u00eb p\u00ebr [&hellip;]<\/p>\n","protected":false},"author":2013,"featured_media":65972,"comment_status":"open","ping_status":"closed","sticky":false,"template":"","format":"standard","meta":{"footnotes":""},"categories":[241,235],"tags":[],"class_list":{"0":"post-107562","1":"post","2":"type-post","3":"status-publish","4":"format-standard","5":"has-post-thumbnail","7":"category-aktualitet","8":"category-vendi"},"_links":{"self":[{"href":"https:\/\/zjarr.tv\/en\/wp-json\/wp\/v2\/posts\/107562","targetHints":{"allow":["GET"]}}],"collection":[{"href":"https:\/\/zjarr.tv\/en\/wp-json\/wp\/v2\/posts"}],"about":[{"href":"https:\/\/zjarr.tv\/en\/wp-json\/wp\/v2\/types\/post"}],"author":[{"embeddable":true,"href":"https:\/\/zjarr.tv\/en\/wp-json\/wp\/v2\/users\/2013"}],"replies":[{"embeddable":true,"href":"https:\/\/zjarr.tv\/en\/wp-json\/wp\/v2\/comments?post=107562"}],"version-history":[{"count":0,"href":"https:\/\/zjarr.tv\/en\/wp-json\/wp\/v2\/posts\/107562\/revisions"}],"wp:featuredmedia":[{"embeddable":true,"href":"https:\/\/zjarr.tv\/en\/wp-json\/wp\/v2\/media\/65972"}],"wp:attachment":[{"href":"https:\/\/zjarr.tv\/en\/wp-json\/wp\/v2\/media?parent=107562"}],"wp:term":[{"taxonomy":"category","embeddable":true,"href":"https:\/\/zjarr.tv\/en\/wp-json\/wp\/v2\/categories?post=107562"},{"taxonomy":"post_tag","embeddable":true,"href":"https:\/\/zjarr.tv\/en\/wp-json\/wp\/v2\/tags?post=107562"}],"curies":[{"name":"wp","href":"https:\/\/api.w.org\/{rel}","templated":true}]}}