{"id":107566,"date":"2019-09-18T14:55:02","date_gmt":"2019-09-18T12:55:02","guid":{"rendered":"https:\/\/zjarr.tv\/?p=107566"},"modified":"2019-09-18T14:55:02","modified_gmt":"2019-09-18T12:55:02","slug":"pd-nxjerr-dokumentin-mark-babani-u-arrestua-ne-itali-me-emrin-fatmir-babaj","status":"publish","type":"post","link":"https:\/\/zjarr.tv\/en\/pd-nxjerr-dokumentin-mark-babani-u-arrestua-ne-itali-me-emrin-fatmir-babaj\/","title":{"rendered":"PD nxjerr dokumentin: Mark Babani u arrestua n\u00eb Itali me emrin Fatmir Babaj"},"content":{"rendered":"<p>PD ka vijuar edhe sot akuzat ndaj kryebashkiakut t\u00eb Vaut t\u00eb Dej\u00ebs, Mark Babani.<\/p>\n<p>N\u00eb nj\u00eb deklarat\u00eb p\u00ebr mediat, Sekretari i P\u00ebrgjithsh\u00ebm i PD, Gazment Bardhi ka publikuar nj\u00eb dokument t\u00eb siguruar nga sistemi i burgjeve n\u00eb Itali. Sipas k\u00ebtij dokumenti, Mark Babani mbante emrin e rrem\u00eb, Fatmir Babaj.<\/p>","protected":false},"excerpt":{"rendered":"<p>PD ka vijuar edhe sot akuzat ndaj kryebashkiakut t\u00eb Vaut t\u00eb Dej\u00ebs, Mark Babani. N\u00eb nj\u00eb deklarat\u00eb p\u00ebr mediat, Sekretari i P\u00ebrgjithsh\u00ebm i PD, Gazment Bardhi ka publikuar nj\u00eb dokument t\u00eb siguruar nga sistemi i burgjeve n\u00eb Itali. Sipas k\u00ebtij dokumenti, Mark Babani mbante emrin e rrem\u00eb, Fatmir Babaj.<\/p>","protected":false},"author":2013,"featured_media":88543,"comment_status":"open","ping_status":"closed","sticky":false,"template":"","format":"standard","meta":{"footnotes":""},"categories":[241,235],"tags":[],"class_list":{"0":"post-107566","1":"post","2":"type-post","3":"status-publish","4":"format-standard","5":"has-post-thumbnail","7":"category-aktualitet","8":"category-vendi"},"_links":{"self":[{"href":"https:\/\/zjarr.tv\/en\/wp-json\/wp\/v2\/posts\/107566","targetHints":{"allow":["GET"]}}],"collection":[{"href":"https:\/\/zjarr.tv\/en\/wp-json\/wp\/v2\/posts"}],"about":[{"href":"https:\/\/zjarr.tv\/en\/wp-json\/wp\/v2\/types\/post"}],"author":[{"embeddable":true,"href":"https:\/\/zjarr.tv\/en\/wp-json\/wp\/v2\/users\/2013"}],"replies":[{"embeddable":true,"href":"https:\/\/zjarr.tv\/en\/wp-json\/wp\/v2\/comments?post=107566"}],"version-history":[{"count":0,"href":"https:\/\/zjarr.tv\/en\/wp-json\/wp\/v2\/posts\/107566\/revisions"}],"wp:featuredmedia":[{"embeddable":true,"href":"https:\/\/zjarr.tv\/en\/wp-json\/wp\/v2\/media\/88543"}],"wp:attachment":[{"href":"https:\/\/zjarr.tv\/en\/wp-json\/wp\/v2\/media?parent=107566"}],"wp:term":[{"taxonomy":"category","embeddable":true,"href":"https:\/\/zjarr.tv\/en\/wp-json\/wp\/v2\/categories?post=107566"},{"taxonomy":"post_tag","embeddable":true,"href":"https:\/\/zjarr.tv\/en\/wp-json\/wp\/v2\/tags?post=107566"}],"curies":[{"name":"wp","href":"https:\/\/api.w.org\/{rel}","templated":true}]}}