{"id":107570,"date":"2019-09-18T15:06:48","date_gmt":"2019-09-18T13:06:48","guid":{"rendered":"https:\/\/zjarr.tv\/?p=107570"},"modified":"2019-09-18T15:06:48","modified_gmt":"2019-09-18T13:06:48","slug":"mes-350-autoresh-kadare-fiton-cmimin-pak-kyongni-2019","status":"publish","type":"post","link":"https:\/\/zjarr.tv\/en\/mes-350-autoresh-kadare-fiton-cmimin-pak-kyongni-2019\/","title":{"rendered":"Mes 350 autor\u00ebsh, Kadare fiton \u00e7mimin Pak Kyongni 2019"},"content":{"rendered":"<p>Shkrimtari Ismail Kadare \u00ebsht\u00eb p\u00ebrzgjedhur fitues i \u00c7mimit Pak Kyongni 2019. N\u00eb njoftimin e b\u00ebr\u00eb nga Kim Uchang, kryetar i komisionit p\u00ebrzgjedh\u00ebs, thuhet se \u201c\u2026punimet e Ismail Kadares\u00eb i b\u00ebjn\u00eb lexuesit t\u00eb mendojn\u00eb dhe t\u00eb ndiejn\u00eb fort marr\u00ebdh\u00ebnien e tyre me ngjarje t\u00eb caktuara t\u00eb historis\u00eb\u201d.<\/p>\n<div id=\"sovrn\" class=\"desktop_ad ad_bottom_space\"><\/div>\n<p>Ceremonia p\u00ebr dh\u00ebnien e k\u00ebtij \u00e7mimi do t\u00eb mbahet m\u00eb 26 tetor 2019, n\u00eb Qendr\u00ebn Kulturore Toji t\u00eb Kores\u00eb s\u00eb Jugut.<\/p>\n<p>Ky \u00e7mim shoq\u00ebrohet edhe me nj\u00eb shp\u00ebrblim financiar prej rreth 84 mij\u00eb dollar\u00ebsh. P\u00ebrzgjedhja e fituesit b\u00ebhet pasi shqyrtohen rreth 350 autor\u00eb nga mbar\u00eb bota, t\u00eb cil\u00ebt p\u00ebrmbushin kriteret e p\u00ebrcaktuara. Q\u00eb nga muaji korrik, komisioni p\u00ebrzgjedh\u00ebs kishte p\u00ebrpiluar list\u00ebn e 5 autor\u00ebve m\u00eb t\u00eb mir\u00eb, nga t\u00eb cil\u00ebt fitoi shkrimtari i njohur shqiptar.<\/p>\n<p>\u00c7mimi u krijua n\u00eb vitin 2011 nga Fondacioni Kulturor Toji, p\u00ebr t\u00eb nderuar shkrimtaren e ndjer\u00eb koreane Pak Kyongni. \u00c7mimi nderon \u00e7do vit nj\u00eb shkrimtar t\u00eb let\u00ebrsis\u00eb bot\u00ebrore p\u00ebr ndikimin n\u00eb fush\u00ebn e let\u00ebrsis\u00eb. N\u00eb vitin 2018, me k\u00ebt\u00eb \u00e7mim u nderua amerikani Richard Ford, nd\u00ebrsa n\u00eb vitin 2017 \u00e7mimi iu dha britanikut Antonio Byatt. Fitues t\u00eb m\u00ebparsh\u00ebm kan\u00eb qen\u00eb Ngugi wa Thiong\u2019o (Kenia, 2016), Amos Oz (Izrael, 2015), Bernhard Schlink (Gjermani, 2014), Marilynne Robinson (SHBA, 2013), Ludmila Ulitskaya (Rusi, 2012) dhe Choi In-hun (Kore, 2011).<\/p>","protected":false},"excerpt":{"rendered":"<p>Shkrimtari Ismail Kadare \u00ebsht\u00eb p\u00ebrzgjedhur fitues i \u00c7mimit Pak Kyongni 2019. N\u00eb njoftimin e b\u00ebr\u00eb nga Kim Uchang, kryetar i komisionit p\u00ebrzgjedh\u00ebs, thuhet se \u201c\u2026punimet e Ismail Kadares\u00eb i b\u00ebjn\u00eb lexuesit t\u00eb mendojn\u00eb dhe t\u00eb ndiejn\u00eb fort marr\u00ebdh\u00ebnien e tyre me ngjarje t\u00eb caktuara t\u00eb historis\u00eb\u201d. Ceremonia p\u00ebr dh\u00ebnien e k\u00ebtij \u00e7mimi do t\u00eb mbahet [&hellip;]<\/p>\n","protected":false},"author":2013,"featured_media":44634,"comment_status":"open","ping_status":"closed","sticky":false,"template":"","format":"standard","meta":{"footnotes":""},"categories":[241,235],"tags":[],"class_list":{"0":"post-107570","1":"post","2":"type-post","3":"status-publish","4":"format-standard","5":"has-post-thumbnail","7":"category-aktualitet","8":"category-vendi"},"_links":{"self":[{"href":"https:\/\/zjarr.tv\/en\/wp-json\/wp\/v2\/posts\/107570","targetHints":{"allow":["GET"]}}],"collection":[{"href":"https:\/\/zjarr.tv\/en\/wp-json\/wp\/v2\/posts"}],"about":[{"href":"https:\/\/zjarr.tv\/en\/wp-json\/wp\/v2\/types\/post"}],"author":[{"embeddable":true,"href":"https:\/\/zjarr.tv\/en\/wp-json\/wp\/v2\/users\/2013"}],"replies":[{"embeddable":true,"href":"https:\/\/zjarr.tv\/en\/wp-json\/wp\/v2\/comments?post=107570"}],"version-history":[{"count":0,"href":"https:\/\/zjarr.tv\/en\/wp-json\/wp\/v2\/posts\/107570\/revisions"}],"wp:featuredmedia":[{"embeddable":true,"href":"https:\/\/zjarr.tv\/en\/wp-json\/wp\/v2\/media\/44634"}],"wp:attachment":[{"href":"https:\/\/zjarr.tv\/en\/wp-json\/wp\/v2\/media?parent=107570"}],"wp:term":[{"taxonomy":"category","embeddable":true,"href":"https:\/\/zjarr.tv\/en\/wp-json\/wp\/v2\/categories?post=107570"},{"taxonomy":"post_tag","embeddable":true,"href":"https:\/\/zjarr.tv\/en\/wp-json\/wp\/v2\/tags?post=107570"}],"curies":[{"name":"wp","href":"https:\/\/api.w.org\/{rel}","templated":true}]}}