{"id":107576,"date":"2019-09-18T15:15:47","date_gmt":"2019-09-18T13:15:47","guid":{"rendered":"https:\/\/zjarr.tv\/?p=107576"},"modified":"2019-09-18T15:15:47","modified_gmt":"2019-09-18T13:15:47","slug":"negociatat-gjermania-shpall-daten-kur-jepet-vendimi-per-shqiperine-e-maqedonine-e-veriut","status":"publish","type":"post","link":"https:\/\/zjarr.tv\/en\/negociatat-gjermania-shpall-daten-kur-jepet-vendimi-per-shqiperine-e-maqedonine-e-veriut\/","title":{"rendered":"Negociatat\/ Gjermania shpall dat\u00ebn, kur jepet vendimi p\u00ebr Shqip\u00ebrin\u00eb e Maqedonin\u00eb e Veriut"},"content":{"rendered":"<p>Deputet\u00ebt e Gjermanis\u00eb do t\u00eb vendosin me 26 shtator p\u00ebr hapjen ose jo t\u00eb negociatave p\u00ebr Shqip\u00ebrin\u00eb dhe Maqedonin\u00eb e Veriut. Ky propozim \u00a0\u00ebsht\u00eb b\u00ebr\u00eb nga grupi parlamentar i CDU dhe SPD.<\/p>\n<div id=\"sovrn\" class=\"desktop_ad ad_bottom_space\"><ins><\/p>\n<div id=\"beacon_76cf18f9d0\"><img loading=\"lazy\" decoding=\"async\" src=\"https:\/\/ads.balkanweb.com\/www\/delivery\/lg.php?bannerid=0&amp;campaignid=0&amp;zoneid=426&amp;loc=https%3A%2F%2Fbalkanweb.com%2Fnegociatat-gjermania-shpall-daten-kur-jepet-vendimi-per-shqiperine-e-maqedonine-e-veriut%2F&amp;referer=https%3A%2F%2Fbalkanweb.com%2Fkategoria%2Fshqiperia%2F&amp;cb=76cf18f9d0\" alt=\"\" width=\"0\" height=\"0\" \/><\/div>\n<p><\/ins><\/div>","protected":false},"excerpt":{"rendered":"<p>Deputet\u00ebt e Gjermanis\u00eb do t\u00eb vendosin me 26 shtator p\u00ebr hapjen ose jo t\u00eb negociatave p\u00ebr Shqip\u00ebrin\u00eb dhe Maqedonin\u00eb e Veriut. Ky propozim \u00a0\u00ebsht\u00eb b\u00ebr\u00eb nga grupi parlamentar i CDU dhe SPD.<\/p>","protected":false},"author":2013,"featured_media":45942,"comment_status":"open","ping_status":"closed","sticky":false,"template":"","format":"standard","meta":{"footnotes":""},"categories":[241,235],"tags":[],"class_list":{"0":"post-107576","1":"post","2":"type-post","3":"status-publish","4":"format-standard","5":"has-post-thumbnail","7":"category-aktualitet","8":"category-vendi"},"_links":{"self":[{"href":"https:\/\/zjarr.tv\/en\/wp-json\/wp\/v2\/posts\/107576","targetHints":{"allow":["GET"]}}],"collection":[{"href":"https:\/\/zjarr.tv\/en\/wp-json\/wp\/v2\/posts"}],"about":[{"href":"https:\/\/zjarr.tv\/en\/wp-json\/wp\/v2\/types\/post"}],"author":[{"embeddable":true,"href":"https:\/\/zjarr.tv\/en\/wp-json\/wp\/v2\/users\/2013"}],"replies":[{"embeddable":true,"href":"https:\/\/zjarr.tv\/en\/wp-json\/wp\/v2\/comments?post=107576"}],"version-history":[{"count":0,"href":"https:\/\/zjarr.tv\/en\/wp-json\/wp\/v2\/posts\/107576\/revisions"}],"wp:featuredmedia":[{"embeddable":true,"href":"https:\/\/zjarr.tv\/en\/wp-json\/wp\/v2\/media\/45942"}],"wp:attachment":[{"href":"https:\/\/zjarr.tv\/en\/wp-json\/wp\/v2\/media?parent=107576"}],"wp:term":[{"taxonomy":"category","embeddable":true,"href":"https:\/\/zjarr.tv\/en\/wp-json\/wp\/v2\/categories?post=107576"},{"taxonomy":"post_tag","embeddable":true,"href":"https:\/\/zjarr.tv\/en\/wp-json\/wp\/v2\/tags?post=107576"}],"curies":[{"name":"wp","href":"https:\/\/api.w.org\/{rel}","templated":true}]}}