{"id":107582,"date":"2019-09-18T16:09:32","date_gmt":"2019-09-18T14:09:32","guid":{"rendered":"https:\/\/zjarr.tv\/?p=107582"},"modified":"2019-09-18T16:09:32","modified_gmt":"2019-09-18T14:09:32","slug":"zeri-i-amerikes-pd-vazhdon-denoncimet-kryebashkiaku-i-vaut-te-dejes-i-arrestuar-ne-itali-dhe-ne-1996","status":"publish","type":"post","link":"https:\/\/zjarr.tv\/en\/zeri-i-amerikes-pd-vazhdon-denoncimet-kryebashkiaku-i-vaut-te-dejes-i-arrestuar-ne-itali-dhe-ne-1996\/","title":{"rendered":"Z\u00ebri i Amerik\u00ebs: PD vazhdon denoncimet, kryebashkiaku i Vaut t\u00eb Dej\u00ebs i arrestuar n\u00eb Itali dhe n\u00eb 1996"},"content":{"rendered":"<p>N\u00eb Shqip\u00ebri, Partia Demokratike publikoi sot nj\u00eb tjet\u00ebr dokument q\u00eb sipas saj provon se kryetari socialist i Bashkis\u00eb s\u00eb Vaut t\u00eb Dej\u00ebs Mark Babani, \u00ebsht\u00eb arrestuar n\u00eb Itali edhe n\u00eb vitin 1996. \u201cP\u00ebrve\u00e7 dokumentit p\u00ebr arrestimin n\u00eb 1994-\u00ebn me nj\u00eb em\u00ebr tjet\u00ebr, d\u00ebnimin, burgosjen dhe d\u00ebbimin nga Italia p\u00ebr vjedhjen e makinave n\u00eb Si\u00e7ili nga Mark Babani, Partia Demokratike disponon dokumenta q\u00eb Mark Babani ka p\u00ebrdorur nj\u00eb identitet tjet\u00ebr t\u00eb rrem\u00eb p\u00ebr t\u00eb hyr\u00eb n\u00eb Itali 2 vjet m\u00eb von\u00eb, n\u00eb 1996-\u00ebn\u201d, deklaroi Sekretari i P\u00ebrgjithsh\u00ebm i PD-s\u00eb Gazmend Bardhi duke publikuar nj\u00eb dokument q\u00eb si\u00e7 tha ai \u00ebsht\u00eb nxjerr nga sistemi shtet\u00ebror i burgjeve n\u00eb Itali. \u201cDokumenti ka nj\u00eb element plus, t\u00eb cilin Mark Babani nuk mund ta mohoj\u00eb. N\u00eb k\u00ebt\u00eb dokument \u00ebsht\u00eb fotografia e tij me emrin Fatmir Babaj. N\u00eb vitin 1996, me k\u00ebt\u00eb identet t\u00eb rrem\u00eb, krimineli i Edi Ram\u00ebs n\u00eb Vaun e Dej\u00ebs, ka tentuar t\u00eb hyj\u00eb n\u00eb Itali, pasi ishte d\u00ebbuar p\u00ebr vjedhjen e makinave, por \u00ebsht\u00eb arrestuar s\u00ebrish nga policia italiane\u201d.<\/p>\n<p>Dy dit\u00eb m\u00eb par\u00eb zoti Bardhi, publikoi nj\u00eb tjet\u00ebr dokument, p\u00ebrmes t\u00eb cilit, sipas tij, v\u00ebrtetohej se \u201cMark Babani, me emrin e rrem\u00eb Marq Babaj, \u00ebsht\u00eb arrestuar m\u00eb dat\u00eb 4 Prill 1994, n\u00eb Itali, n\u00eb zon\u00ebn e Si\u00e7ilis\u00eb, p\u00ebr kryerjen e vepr\u00ebs penale \u201cVjedhje n\u00eb rrethana r\u00ebnduese, e kryer n\u00eb bashk\u00ebpunim\u201d. Ai ka q\u00ebndruar n\u00eb burg deri m\u00eb dat\u00ebn 6 Maj 1994 dhe m\u00eb pas \u00ebsht\u00eb d\u00ebnuar dhe d\u00ebbuar nga shteti Italian\u201d.<\/p>\n<p>Ashtu si dhe m\u00eb her\u00ebt, kryebashkiaku socialist i mohoi akuzat duke p\u00ebrs\u00ebritur se gjat\u00eb gjith\u00eb jet\u00ebs s\u00eb tij nuk ka q\u00ebndruar as 24 or\u00eb n\u00eb burg dhe as nuk \u00ebsht\u00eb ndaluar ndonj\u00ebher\u00eb nga policia.<\/p>\n<p>Por sot PD-ja theksoi se \u201cKartela e arrestimit tregon qart\u00eb se Mark Babani me emrin Fatmir Babaj kishte shkelur d\u00ebnimin e gjykat\u00ebs p\u00ebr d\u00ebbimin e tij nga Italia si hajdut makinash n\u00eb vitin 1994. Policia italiane b\u00ebri lidhjen se Fatmiri n\u00eb foto dhe Marku i Ram\u00ebs n\u00eb Bashkin\u00eb e Vaut t\u00eb Dej\u00ebs jan\u00eb i nj\u00ebjti person. Ai u arrestua m\u00eb dat\u00eb 24 janar 1996 me identitetin e rrem\u00eb Fatmir Babaj, dhe u mbajt n\u00eb burg deri m\u00eb dat\u00eb 27 Janar 1996, ku u provua se ishte Marq Babaj, i d\u00ebnuar n\u00eb Itali p\u00ebr vjedhje n\u00eb rrethana r\u00ebnduese t\u00eb kryer n\u00eb bashk\u00ebpunim\u201d, u shpreh zoti Bardhi duke k\u00ebrkuar veprime t\u00eb menj\u00ebhershme t\u00eb Prokuroris\u00eb ndaj kryebashkiakut Babani.\u00a0<strong>\/Voa\/<\/strong><\/p>","protected":false},"excerpt":{"rendered":"<p>N\u00eb Shqip\u00ebri, Partia Demokratike publikoi sot nj\u00eb tjet\u00ebr dokument q\u00eb sipas saj provon se kryetari socialist i Bashkis\u00eb s\u00eb Vaut t\u00eb Dej\u00ebs Mark Babani, \u00ebsht\u00eb arrestuar n\u00eb Itali edhe n\u00eb vitin 1996. \u201cP\u00ebrve\u00e7 dokumentit p\u00ebr arrestimin n\u00eb 1994-\u00ebn me nj\u00eb em\u00ebr tjet\u00ebr, d\u00ebnimin, burgosjen dhe d\u00ebbimin nga Italia p\u00ebr vjedhjen e makinave n\u00eb Si\u00e7ili nga [&hellip;]<\/p>\n","protected":false},"author":2013,"featured_media":107587,"comment_status":"open","ping_status":"closed","sticky":false,"template":"","format":"standard","meta":{"footnotes":""},"categories":[241,235],"tags":[],"class_list":{"0":"post-107582","1":"post","2":"type-post","3":"status-publish","4":"format-standard","5":"has-post-thumbnail","7":"category-aktualitet","8":"category-vendi"},"_links":{"self":[{"href":"https:\/\/zjarr.tv\/en\/wp-json\/wp\/v2\/posts\/107582","targetHints":{"allow":["GET"]}}],"collection":[{"href":"https:\/\/zjarr.tv\/en\/wp-json\/wp\/v2\/posts"}],"about":[{"href":"https:\/\/zjarr.tv\/en\/wp-json\/wp\/v2\/types\/post"}],"author":[{"embeddable":true,"href":"https:\/\/zjarr.tv\/en\/wp-json\/wp\/v2\/users\/2013"}],"replies":[{"embeddable":true,"href":"https:\/\/zjarr.tv\/en\/wp-json\/wp\/v2\/comments?post=107582"}],"version-history":[{"count":0,"href":"https:\/\/zjarr.tv\/en\/wp-json\/wp\/v2\/posts\/107582\/revisions"}],"wp:featuredmedia":[{"embeddable":true,"href":"https:\/\/zjarr.tv\/en\/wp-json\/wp\/v2\/media\/107587"}],"wp:attachment":[{"href":"https:\/\/zjarr.tv\/en\/wp-json\/wp\/v2\/media?parent=107582"}],"wp:term":[{"taxonomy":"category","embeddable":true,"href":"https:\/\/zjarr.tv\/en\/wp-json\/wp\/v2\/categories?post=107582"},{"taxonomy":"post_tag","embeddable":true,"href":"https:\/\/zjarr.tv\/en\/wp-json\/wp\/v2\/tags?post=107582"}],"curies":[{"name":"wp","href":"https:\/\/api.w.org\/{rel}","templated":true}]}}