{"id":107584,"date":"2019-09-18T16:08:54","date_gmt":"2019-09-18T14:08:54","guid":{"rendered":"https:\/\/zjarr.tv\/?p=107584"},"modified":"2019-09-18T16:08:54","modified_gmt":"2019-09-18T14:08:54","slug":"zbulohet-dokumenti-sekret-i-shish-it-paramilitare-nga-kosova-do-digjnin-kuvendin","status":"publish","type":"post","link":"https:\/\/zjarr.tv\/en\/zbulohet-dokumenti-sekret-i-shish-it-paramilitare-nga-kosova-do-digjnin-kuvendin\/","title":{"rendered":"Zbulohet dokumenti sekret i SHISH-it: Paramilitar\u00eb nga Kosova do digjnin Kuvendin"},"content":{"rendered":"<p>\u2018Informacioni b\u00ebnte t\u00eb qart\u00eb se persona t\u00eb caktuar do t\u00eb p\u00ebrpiqeshin q\u00eb t\u00eb shfryt\u00ebzonin mitingun e lajm\u00ebruar ngas opozita p\u00ebr n\u00eb dat\u00ebn 8 qershor, ku p\u00ebrve\u00e7 akteve t\u00eb tjera edhe djegien e Kuvendit t\u00eb Shqip\u00ebris\u00eb\u2019, deklaroi presidenti Ilir Meta.<\/p>\n<p>Ky informacion sekret ishte n\u00eb qend\u00ebr t\u00eb mbrojtjes s\u00eb presidentit Ilir Meta p\u00ebrpara Komisionit Hetimor Parlamentar m\u00eb 9 shtator.<\/p>\n<div id=\"rekl-28\"><\/div>\n<p>Tashm\u00eb pasi \u00ebsht\u00eb ndjekur procedura e nevojshme, dokumenti i hartuar nga SHISH \u00ebsht\u00eb pjes\u00eb e dosjes s\u00eb Komisionit Hetimor fakt i deklaruar nga kryetari Ulsi Manja, paraditen e t\u00eb m\u00ebrkur\u00ebs.<\/p>\n<div id=\"rekl-13\">\n<div id=\"__sap-ad-15\" class=\"__sap-ads __sap-html tracked\" data-title=\"Credins desktop 08\"><\/div>\n<\/div>\n<p>Ekzistenca e k\u00ebtij informacioni sekret mb\u00ebrritur n\u00eb t\u00eb nj\u00ebjt\u00ebn koh\u00eb p\u00ebr presidentin Ilir Meta dhe kryeministrin Edi Rama, ka ngjallur kureshtje mbi t\u00eb gjitha p\u00ebr detajet se si dhe kush do ta digjte tempullin e parlamentarizmit.<\/p>\n<p>Dy burime t\u00eb pavarura nga nj\u00ebri tjetri, q\u00eb e kan\u00eb par\u00eb k\u00ebt\u00eb dokument dhe\u00a0 treguan, detajet e p\u00ebrmbajtjes.<\/p>\n<p>B\u00ebhet fjal\u00eb p\u00ebr nj\u00eb informacion t\u00eb p\u00ebrmbledhur n\u00eb pak rreshta nga ku SHISH informon, se agjent\u00ebt e infiltruar brenda strukturave organizative t\u00eb protestave t\u00eb opozit\u00ebs, kan\u00eb mundur t\u00eb sigurojn\u00eb informacionin se n\u00eb protest\u00ebn e 8 Qershorit,\u00a0 do t\u00eb p\u00ebrfshihej\u00a0 nj\u00eb grup paramilitar i ardhur nga Kosova apo trevat e tjera etnike shqiptare. Ky grup n\u00eb p\u00ebrb\u00ebrje t\u00eb tij kishte njer\u00ebz me formim ushtarak, me misionin final, djegien e Kuvendit t\u00eb Shqip\u00ebris\u00eb.<\/p>\n<p>Dokumenti sekret nuk jep t\u00eb dh\u00ebna se kush ishin k\u00ebta persona, kush i kishte paguar apo financuar mbi t\u00eb gjitha n\u00ebse ishin t\u00eb armatosur dhe me \u00e7far\u00eb mjetesh do t\u00eb mund t\u00eb \u00e7anin rrethimin policor t\u00eb Kuvendit.<\/p>\n<p>K\u00ebt\u00eb informacion SHISH e ka ndar\u00eb edhe me agjencit\u00eb homologe partnere mes tyre edhe ato t\u00eb SHBA. \/Marr\u00eb nga TCH<\/p>","protected":false},"excerpt":{"rendered":"<p>\u2018Informacioni b\u00ebnte t\u00eb qart\u00eb se persona t\u00eb caktuar do t\u00eb p\u00ebrpiqeshin q\u00eb t\u00eb shfryt\u00ebzonin mitingun e lajm\u00ebruar ngas opozita p\u00ebr n\u00eb dat\u00ebn 8 qershor, ku p\u00ebrve\u00e7 akteve t\u00eb tjera edhe djegien e Kuvendit t\u00eb Shqip\u00ebris\u00eb\u2019, deklaroi presidenti Ilir Meta. Ky informacion sekret ishte n\u00eb qend\u00ebr t\u00eb mbrojtjes s\u00eb presidentit Ilir Meta p\u00ebrpara Komisionit Hetimor Parlamentar [&hellip;]<\/p>\n","protected":false},"author":2013,"featured_media":107585,"comment_status":"open","ping_status":"closed","sticky":false,"template":"","format":"standard","meta":{"footnotes":""},"categories":[241,235],"tags":[],"class_list":{"0":"post-107584","1":"post","2":"type-post","3":"status-publish","4":"format-standard","5":"has-post-thumbnail","7":"category-aktualitet","8":"category-vendi"},"_links":{"self":[{"href":"https:\/\/zjarr.tv\/en\/wp-json\/wp\/v2\/posts\/107584","targetHints":{"allow":["GET"]}}],"collection":[{"href":"https:\/\/zjarr.tv\/en\/wp-json\/wp\/v2\/posts"}],"about":[{"href":"https:\/\/zjarr.tv\/en\/wp-json\/wp\/v2\/types\/post"}],"author":[{"embeddable":true,"href":"https:\/\/zjarr.tv\/en\/wp-json\/wp\/v2\/users\/2013"}],"replies":[{"embeddable":true,"href":"https:\/\/zjarr.tv\/en\/wp-json\/wp\/v2\/comments?post=107584"}],"version-history":[{"count":0,"href":"https:\/\/zjarr.tv\/en\/wp-json\/wp\/v2\/posts\/107584\/revisions"}],"wp:featuredmedia":[{"embeddable":true,"href":"https:\/\/zjarr.tv\/en\/wp-json\/wp\/v2\/media\/107585"}],"wp:attachment":[{"href":"https:\/\/zjarr.tv\/en\/wp-json\/wp\/v2\/media?parent=107584"}],"wp:term":[{"taxonomy":"category","embeddable":true,"href":"https:\/\/zjarr.tv\/en\/wp-json\/wp\/v2\/categories?post=107584"},{"taxonomy":"post_tag","embeddable":true,"href":"https:\/\/zjarr.tv\/en\/wp-json\/wp\/v2\/tags?post=107584"}],"curies":[{"name":"wp","href":"https:\/\/api.w.org\/{rel}","templated":true}]}}