{"id":107591,"date":"2019-09-18T16:37:34","date_gmt":"2019-09-18T14:37:34","guid":{"rendered":"https:\/\/zjarr.tv\/?p=107591"},"modified":"2019-09-18T16:37:34","modified_gmt":"2019-09-18T14:37:34","slug":"dw-maqedonise-hap-negociatat-shqiperia-jo","status":"publish","type":"post","link":"https:\/\/zjarr.tv\/en\/dw-maqedonise-hap-negociatat-shqiperia-jo\/","title":{"rendered":"DW: Maqedonis\u00eb hap negociatat, Shqip\u00ebria jo"},"content":{"rendered":"<p>Maqedonis\u00eb do ti hapen negociatat, nd\u00ebrsa Shqip\u00ebris\u00eb jo.<\/p>\n<p>Ky \u00ebsht\u00eb vendimi i dh\u00ebn\u00eb nga grupi parlamentar m\u00eb i madh n\u00eb Bundestad CDU\/CSU dhe Partia Sociademokrate.<\/p>\n<p>Sipas DW, Maqedonia do t\u00eb nis\u00eb bisedimet n\u00eb muajin janar, nd\u00ebrsa Shqip\u00ebria mund ti nis\u00eb bisedimet n\u00ebse do t\u00eb plot\u00ebsoj\u00eb 9 kushte.<\/p>\n<div id=\"rekl-13\">\n<div id=\"__sap-ad-15\" class=\"__sap-ads __sap-html tracked\" data-title=\"Credins desktop 08\"><ins><\/p>\n<div id=\"beacon_4560ea284c\"><img loading=\"lazy\" decoding=\"async\" src=\"https:\/\/ads1.medium.al\/www\/delivery\/lg.php?bannerid=373&amp;campaignid=48&amp;zoneid=182&amp;loc=https%3A%2F%2Fwww.syri.net%2Fpolitike%2F281312%2Fdw-maqedonise-hap-negociatat-shqiperia-jo%2F&amp;referer=https%3A%2F%2Fwww.syri.net%2Flajme%2F&amp;cb=4560ea284c\" alt=\"\" width=\"0\" height=\"0\" \/><\/div>\n<p><\/ins><\/div>\n<\/div>\n<p>Sipas DW, Bundestagu gjerman voton me 26 shtator p\u00ebr \u00e7eljen e negociatave me Shqip\u00ebrin\u00eb.<\/p>\n<p>Dokumenti q\u00eb do t\u00eb formuloj\u00eb q\u00ebndrimin gjerman n\u00eb K\u00ebshillin e BE-s\u00eb dhe \u00ebsht\u00eb duke u finalizuar, do t\u00eb hidhet n\u00eb votim me k\u00ebrkes\u00eb t\u00eb dy grupeve parlamentare t\u00eb maxhoranc\u00ebs qeveritare, Unioni Kristdemokrat dhe Unioni Kristsocial (CDU\/CSIU) si edhe Partia Socialdemokrate.<\/p>\n<p>Aty \u00ebsht\u00eb parashikuar q\u00eb Maqedonia e Veriut t\u00eb filloj\u00eb bisedimet qysh n\u00eb janar, nd\u00ebrsa Shqip\u00ebria do t&#8217;i nis\u00eb ato vet\u00ebm kur t\u00eb plot\u00ebsohen disa kushte.<\/p>\n<p><strong>Pritet vendimi i Franc\u00ebs<\/strong><\/p>\n<p>K\u00ebto kushte, t\u00eb vendosura nga partia e kancelares Angela Merkel do t\u00eb hidhen n\u00eb vot\u00eb nga deputet\u00ebt e grupit parlamentar m\u00eb 24 shtator.<\/p>\n<p>N\u00eb 25 shtator ato pritet t\u00eb trajtohen n\u00eb Komisionet p\u00ebrkat\u00ebse n\u00eb Bundestag dhe m\u00eb 26 shtator, n\u00eb mbr\u00ebmje von\u00eb, \u00ebsht\u00eb parashikuar t\u00eb mbahet nj\u00eb seanc\u00eb plenare 45 minut\u00ebshe, n\u00eb fund t\u00eb s\u00eb cil\u00ebs do t\u00eb merret vendimi me vot\u00eb.<\/p>\n<p>Pra mesazhi nga Bundestagu gjerman pritet t\u00eb jet\u00eb: P\u00ebr Maqedonin\u00eb e Veriut negociatat do t\u00eb mund t\u00eb nisin qysh n\u00eb janar, Shqip\u00ebria duhet t\u00eb pres\u00eb edhe ca.<\/p>\n<p>Se a do t\u00eb jet\u00eb q\u00ebndrimi i Gjermanis\u00eb i nj\u00ebjti me at\u00eb t\u00eb K\u00ebshillit t\u00eb BE-s\u00eb, m\u00eb 17 tetor, kjo nuk dihet ende. Shum\u00eb\u00e7ka varet nga presidenti francez, Emmanuele Macron, i cili deri tani \u00ebsht\u00eb shprehur kund\u00ebr zgjerimit para konsolodimit t\u00eb BE-s\u00eb. Vendimi i Gjermanis\u00eb sigurisht q\u00eb e shton presionin ndaj presidentit francez.<\/p>\n<p>K\u00ebshtu q\u00eb nuk p\u00ebrjashtohet mund\u00ebsia q\u00eb ai t\u00eb ndryshoj\u00eb mendim n\u00eb momentin e fundit. Vendet e tjera q\u00eb jan\u00eb kund\u00ebr, si\u00e7 \u00ebsht\u00eb Holanda, ose skeptik\u00eb, si\u00e7 \u00ebsht\u00eb Danimarka, mund ta ndryshojn\u00eb q\u00ebndrimin e tyre, n\u00ebse Franca jep \u2018drit\u00eb t\u00eb gjelb\u00ebr\u2019.<\/p>","protected":false},"excerpt":{"rendered":"<p>Maqedonis\u00eb do ti hapen negociatat, nd\u00ebrsa Shqip\u00ebris\u00eb jo. Ky \u00ebsht\u00eb vendimi i dh\u00ebn\u00eb nga grupi parlamentar m\u00eb i madh n\u00eb Bundestad CDU\/CSU dhe Partia Sociademokrate. Sipas DW, Maqedonia do t\u00eb nis\u00eb bisedimet n\u00eb muajin janar, nd\u00ebrsa Shqip\u00ebria mund ti nis\u00eb bisedimet n\u00ebse do t\u00eb plot\u00ebsoj\u00eb 9 kushte. Sipas DW, Bundestagu gjerman voton me 26 shtator [&hellip;]<\/p>\n","protected":false},"author":2013,"featured_media":57001,"comment_status":"open","ping_status":"closed","sticky":false,"template":"","format":"standard","meta":{"footnotes":""},"categories":[241,235],"tags":[],"class_list":{"0":"post-107591","1":"post","2":"type-post","3":"status-publish","4":"format-standard","5":"has-post-thumbnail","7":"category-aktualitet","8":"category-vendi"},"_links":{"self":[{"href":"https:\/\/zjarr.tv\/en\/wp-json\/wp\/v2\/posts\/107591","targetHints":{"allow":["GET"]}}],"collection":[{"href":"https:\/\/zjarr.tv\/en\/wp-json\/wp\/v2\/posts"}],"about":[{"href":"https:\/\/zjarr.tv\/en\/wp-json\/wp\/v2\/types\/post"}],"author":[{"embeddable":true,"href":"https:\/\/zjarr.tv\/en\/wp-json\/wp\/v2\/users\/2013"}],"replies":[{"embeddable":true,"href":"https:\/\/zjarr.tv\/en\/wp-json\/wp\/v2\/comments?post=107591"}],"version-history":[{"count":0,"href":"https:\/\/zjarr.tv\/en\/wp-json\/wp\/v2\/posts\/107591\/revisions"}],"wp:featuredmedia":[{"embeddable":true,"href":"https:\/\/zjarr.tv\/en\/wp-json\/wp\/v2\/media\/57001"}],"wp:attachment":[{"href":"https:\/\/zjarr.tv\/en\/wp-json\/wp\/v2\/media?parent=107591"}],"wp:term":[{"taxonomy":"category","embeddable":true,"href":"https:\/\/zjarr.tv\/en\/wp-json\/wp\/v2\/categories?post=107591"},{"taxonomy":"post_tag","embeddable":true,"href":"https:\/\/zjarr.tv\/en\/wp-json\/wp\/v2\/tags?post=107591"}],"curies":[{"name":"wp","href":"https:\/\/api.w.org\/{rel}","templated":true}]}}