{"id":107670,"date":"2019-09-18T17:03:18","date_gmt":"2019-09-18T15:03:18","guid":{"rendered":"https:\/\/zjarr.tv\/?p=107670"},"modified":"2019-09-18T17:03:18","modified_gmt":"2019-09-18T15:03:18","slug":"oshee-njofton-abonentet-ne-tirane-ja-zonat-ku-do-stakohet-energjia-elektrike","status":"publish","type":"post","link":"https:\/\/zjarr.tv\/en\/oshee-njofton-abonentet-ne-tirane-ja-zonat-ku-do-stakohet-energjia-elektrike\/","title":{"rendered":"OSHEE njofton abonent\u00ebt n\u00eb Tiran\u00eb: Ja zonat ku do stakohet energjia elektrike"},"content":{"rendered":"<p>OSHEE me an\u00eb t\u00eb nj\u00eb njoftimi p\u00ebr mediat ka b\u00ebr\u00eb me dije se n\u00eb datat 19-21 shtator do t\u00eb ket\u00eb nd\u00ebrprerje t\u00eb energjis\u00eb elektrike n\u00eb disa zona t\u00eb Tiran\u00ebs.<\/p>\n<p>Sipas njoftimit t\u00eb OSHEE, do ket\u00eb stakime t\u00eb energjis\u00eb te Rruga e Elbasanit, Rruga e Dibr\u00ebs, Rruga \u201cEdit Durham\u201d etj.<\/p>\n<p><strong>Njoftimi i OSHEE:<\/strong><\/p>\n<p>Njoftim p\u00ebr abonent\u00ebt Tiran\u00eb<\/p>\n<p>Stakim i dat\u00ebs 19-21 Shtator<\/p>\n<p>P\u00ebr shkak t\u00eb punimeve p\u00ebr rikonstruksionin e kabinave, n\u00eb datat 19-20 shtator do t\u00eb stakohet energjia n\u00eb k\u00ebto zona n\u00eb Tiran\u00eb<\/p>\n<p>19 shtator<\/p>\n<p>09:00-13:00<\/p>\n<p>Krrab\u00eb, Pashkashesh, Mushqeta<\/p>\n<div id=\"videoad\"><\/div>\n<div id=\"pa_1x1_psbk_1568818942778\"><\/div>\n<p>09:00-15:00<\/p>\n<p>Rruga\u00a0 e Elbasanit\u00a0 pran\u00eb ish-Trikotazhit pjes\u00ebrisht<\/p>\n<p>20 shtator<\/p>\n<p>09:00-15:00<\/p>\n<p>Fillimi i Rrug\u00ebs s\u00eb Dibr\u00ebs pjes\u00ebrisht af\u00ebr 9-Katsheve<\/p>\n<p>12:00-15:00<\/p>\n<p>Rruga \u201cReshit \u00c7ollaku\u201d pjes\u00ebrisht pran\u00eb Post\u00ebs Qendrore<\/p>\n<p>21 shtator<\/p>\n<p>09:00 \u2013 15:00<\/p>\n<p>Rruga \u201cEdit Durham\u201d pjes\u00ebrisht<\/p>","protected":false},"excerpt":{"rendered":"<p>OSHEE me an\u00eb t\u00eb nj\u00eb njoftimi p\u00ebr mediat ka b\u00ebr\u00eb me dije se n\u00eb datat 19-21 shtator do t\u00eb ket\u00eb nd\u00ebrprerje t\u00eb energjis\u00eb elektrike n\u00eb disa zona t\u00eb Tiran\u00ebs. Sipas njoftimit t\u00eb OSHEE, do ket\u00eb stakime t\u00eb energjis\u00eb te Rruga e Elbasanit, Rruga e Dibr\u00ebs, Rruga \u201cEdit Durham\u201d etj. Njoftimi i OSHEE: Njoftim p\u00ebr abonent\u00ebt [&hellip;]<\/p>\n","protected":false},"author":2013,"featured_media":53743,"comment_status":"open","ping_status":"closed","sticky":false,"template":"","format":"standard","meta":{"footnotes":""},"categories":[241,235],"tags":[],"class_list":{"0":"post-107670","1":"post","2":"type-post","3":"status-publish","4":"format-standard","5":"has-post-thumbnail","7":"category-aktualitet","8":"category-vendi"},"_links":{"self":[{"href":"https:\/\/zjarr.tv\/en\/wp-json\/wp\/v2\/posts\/107670","targetHints":{"allow":["GET"]}}],"collection":[{"href":"https:\/\/zjarr.tv\/en\/wp-json\/wp\/v2\/posts"}],"about":[{"href":"https:\/\/zjarr.tv\/en\/wp-json\/wp\/v2\/types\/post"}],"author":[{"embeddable":true,"href":"https:\/\/zjarr.tv\/en\/wp-json\/wp\/v2\/users\/2013"}],"replies":[{"embeddable":true,"href":"https:\/\/zjarr.tv\/en\/wp-json\/wp\/v2\/comments?post=107670"}],"version-history":[{"count":0,"href":"https:\/\/zjarr.tv\/en\/wp-json\/wp\/v2\/posts\/107670\/revisions"}],"wp:featuredmedia":[{"embeddable":true,"href":"https:\/\/zjarr.tv\/en\/wp-json\/wp\/v2\/media\/53743"}],"wp:attachment":[{"href":"https:\/\/zjarr.tv\/en\/wp-json\/wp\/v2\/media?parent=107670"}],"wp:term":[{"taxonomy":"category","embeddable":true,"href":"https:\/\/zjarr.tv\/en\/wp-json\/wp\/v2\/categories?post=107670"},{"taxonomy":"post_tag","embeddable":true,"href":"https:\/\/zjarr.tv\/en\/wp-json\/wp\/v2\/tags?post=107670"}],"curies":[{"name":"wp","href":"https:\/\/api.w.org\/{rel}","templated":true}]}}