{"id":107771,"date":"2019-09-19T13:23:49","date_gmt":"2019-09-19T11:23:49","guid":{"rendered":"https:\/\/zjarr.tv\/?p=107771"},"modified":"2019-09-19T13:23:49","modified_gmt":"2019-09-19T11:23:49","slug":"berisha-citon-dw-bundestagu-vendos-jo-hapjes-se-negociatave-me-shqiperine-pa-plotesuar-9-kushte","status":"publish","type":"post","link":"https:\/\/zjarr.tv\/en\/berisha-citon-dw-bundestagu-vendos-jo-hapjes-se-negociatave-me-shqiperine-pa-plotesuar-9-kushte\/","title":{"rendered":"Berisha citon DW: Bundestagu vendos, Jo hapjes s\u00eb negociatave me Shqip\u00ebrin\u00eb pa plot\u00ebsuar 9 kushte!"},"content":{"rendered":"<p>Bundestagu gjerman vendos: Po\u00a0hapjes s\u00eb negociatave me Maqedonin\u00eb e Veriut; Jo hapjes s\u00eb negociatave me Shqip\u00ebrin\u00eb pa plot\u00ebsuar 9 kushte, njoftoi dje radio publike e Gjermanis\u00eb, DW!<\/p>\n<p><strong>Nga Sali Berisha.<\/strong><\/p>\n<p>Dje Radio Publike e Gjermanis\u00eb, duke iu referuar burimeve zyrtare, njoftoi se Bundestagu ka vendosur q\u00eb t&#8217;i thot\u00eb Po, pra t\u00eb votoj\u00eb p\u00ebr hapjen e negociatave me Maqedonin\u00eb e Veriut n\u00eb janarin e ardhsh\u00ebm dhe t\u2019i thot\u00eb Jo, hapjes s\u00eb negociatave me Shqip\u00ebrin\u00eb pa u plot\u00ebsuar nj\u00eb list\u00eb prej 9 kushtesh nga vendi yn\u00eb.<\/p>\n<p>Me k\u00ebt\u00eb vendim p\u00ebr Shqip\u00ebrin\u00eb, Bundestagu:<br \/>\na &#8211; hedh posht\u00eb rekomandimin e Komisionit Europian p\u00ebr hapjen pa kushte t\u00eb negociatave me Shqip\u00ebrin\u00eb, si nj\u00eb rekomandim q\u00eb nuk shpreh realitetin e Shqip\u00ebris\u00eb dhe<\/p>\n<p>b &#8211; n\u00eb kund\u00ebrshtim me k\u00ebt\u00eb rekomandim t\u00eb Komisionit Europian, parlamenti gjerman cakton 9 kushte nga 7 q\u00eb kishte caktuar nj\u00eb vit m\u00eb par\u00eb, q\u00eb Shqip\u00ebria duhet t\u00eb plot\u00ebsoj\u00eb p\u00ebr \u00e7eljen e negociatave.<\/p>\n<p>Ky q\u00ebndrim i Bundestagut ve\u00e7on nga Maqedonia, si delen e zez\u00eb, Shqip\u00ebrin\u00eb.<\/p>\n<p>Kjo Jo e p\u00ebrs\u00ebritur vite rresht e Bundestagut apo \u00a0quajeni po t\u00eb doni, Po me kushte,\u00a0e tij, nuk ka asnj\u00eb shkak t\u00eb brendsh\u00ebm gjerman ndaj dhe i than\u00eb Po, hapjes s\u00eb negociatave me Maqedonin\u00eb e Veriut.<\/p>\n<p>Kjo Jo e p\u00ebrs\u00ebritur e Bundestagut ka vet\u00ebm nj\u00eb shkak t\u00eb vet\u00ebm: Mosplot\u00ebsimin nga Edvin Mafia dhe narkoshteti shqiptar t\u00eb asnj\u00ebrit prej 7 kushteve t\u00eb caktuara nga Bundestagu nj\u00eb vit m\u00eb par\u00eb dhe jo vet\u00ebm kaq, por p\u00ebrkeq\u00ebsimi i m\u00ebtejsh\u00ebm i gjendjes e detyroi Bundestagun t\u00eb shtoj\u00eb edhe dy kushte t\u00eb reja.<\/p>\n<p>Si p\u00ebrfundim, p\u00ebr ne shqiptar\u00ebt, vendimi i shum\u00ebpritur q\u00eb do t\u00eb merrej n\u00eb Bruksel m\u00eb dat\u00eb 18 tetor p\u00ebr \u00e7eljen e negociatave, u mor dje n\u00eb Berlin.<\/p>\n<p>K\u00ebtu m\u00eb posht\u00eb keni list\u00ebn e kushteve t\u00eb publikuar nga DW\u00a0q\u00eb duhet t\u00eb plot\u00ebsoj\u00eb Shqip\u00ebria para hapjes s\u00eb negociatave me BE.<\/p>\n<blockquote><p><strong>Funksionimi i Gjykat\u00ebs s\u00eb Lart\u00eb dhe Gjykat\u00ebs Kushtetuese<br \/>\n&#8211; miratimi i reform\u00ebs zgjedhore;<br \/>\n&#8211; implementimi i reform\u00ebs zgjedhore;<br \/>\n&#8211; ndjekja penale e gjykat\u00ebsve dhe e prokuror\u00ebve q\u00eb nuk e kan\u00eb kaluar provimin e Vetting-ut;<br \/>\n&#8211; ndjekja penale e akuzave p\u00ebr shitblerjen e votave;<br \/>\n&#8211; v\u00ebnia n\u00eb pun\u00eb e prokuroris\u00eb speciale p\u00ebr luftimin e korrupsionit, SPAK,<br \/>\n&#8211; rezultate n\u00eb luftimin e korrupsionit dhe krimit t\u00eb organizuar, p\u00ebrfshir\u00eb edhe kapja dhe ndjekja penale e personave ky\u00e7 t\u00eb krimit, t\u00eb t\u00eb ashtuquajturve \u2018peshq t\u00eb m\u00ebdhenj\u2019;<br \/>\n&#8211; p\u00ebrparime n\u00eb reform\u00ebn e administrat\u00ebs publike;<br \/>\n&#8211; sqarimi p\u00ebrfundimtar me vendim t\u00eb Gjykat\u00ebs Kushtetuese i ligjshm\u00ebris\u00eb s\u00eb zgjedhjeve lokale t\u00eb 30 qershorit 2019.<\/strong><\/p><\/blockquote>\n<p>N\u00eb deklarat\u00ebn e nj\u00eb viti m\u00eb par\u00eb, Bundestagu kishte k\u00ebrkuar plot\u00ebsimin nga Shqip\u00ebria t\u00eb t\u00eb gjitha k\u00ebtyre kushteve p\u00ebrve\u00e7 zgjedhjeve vendore t\u00eb 30 qershorit q\u00eb k\u00ebrkon p\u00ebrs\u00ebri k\u00ebt\u00eb vit. Kjo do t\u00eb thot\u00eb se Shqip\u00ebria nuk ka plot\u00ebsuar asnj\u00ebrin nga kushtet e k\u00ebrkuara nj\u00eb vit m\u00eb par\u00eb p\u00ebr hapjen e negociatave dhe p\u00ebrve\u00e7 kushteve t\u00eb nj\u00eb viti m\u00eb par\u00eb jan\u00eb shtuar zgjedhjet e 30 qershorit!<\/p>\n<p>Mosplot\u00ebsimi i asnj\u00ebrit prej kushteve t\u00eb vendosura nj\u00eb vit m\u00eb par\u00eb nga Shqip\u00ebria p\u00ebr t\u00eb hapur negociatat me BE, se Edvin Mafia ka frik\u00eb t\u00eb tmerrshme nga plot\u00ebsimi i tyre pasi e di dhe lexon n\u00ebp\u00ebr rreshta se ato kushtet k\u00ebrkojn\u00eb kok\u00ebn e tij n\u00eb tepsi.<\/p>","protected":false},"excerpt":{"rendered":"<p>Bundestagu gjerman vendos: Po\u00a0hapjes s\u00eb negociatave me Maqedonin\u00eb e Veriut; Jo hapjes s\u00eb negociatave me Shqip\u00ebrin\u00eb pa plot\u00ebsuar 9 kushte, njoftoi dje radio publike e Gjermanis\u00eb, DW! Nga Sali Berisha. Dje Radio Publike e Gjermanis\u00eb, duke iu referuar burimeve zyrtare, njoftoi se Bundestagu ka vendosur q\u00eb t&#8217;i thot\u00eb Po, pra t\u00eb votoj\u00eb p\u00ebr hapjen e [&hellip;]<\/p>\n","protected":false},"author":2013,"featured_media":61738,"comment_status":"open","ping_status":"closed","sticky":false,"template":"","format":"standard","meta":{"footnotes":""},"categories":[241,235],"tags":[],"class_list":{"0":"post-107771","1":"post","2":"type-post","3":"status-publish","4":"format-standard","5":"has-post-thumbnail","7":"category-aktualitet","8":"category-vendi"},"_links":{"self":[{"href":"https:\/\/zjarr.tv\/en\/wp-json\/wp\/v2\/posts\/107771","targetHints":{"allow":["GET"]}}],"collection":[{"href":"https:\/\/zjarr.tv\/en\/wp-json\/wp\/v2\/posts"}],"about":[{"href":"https:\/\/zjarr.tv\/en\/wp-json\/wp\/v2\/types\/post"}],"author":[{"embeddable":true,"href":"https:\/\/zjarr.tv\/en\/wp-json\/wp\/v2\/users\/2013"}],"replies":[{"embeddable":true,"href":"https:\/\/zjarr.tv\/en\/wp-json\/wp\/v2\/comments?post=107771"}],"version-history":[{"count":0,"href":"https:\/\/zjarr.tv\/en\/wp-json\/wp\/v2\/posts\/107771\/revisions"}],"wp:featuredmedia":[{"embeddable":true,"href":"https:\/\/zjarr.tv\/en\/wp-json\/wp\/v2\/media\/61738"}],"wp:attachment":[{"href":"https:\/\/zjarr.tv\/en\/wp-json\/wp\/v2\/media?parent=107771"}],"wp:term":[{"taxonomy":"category","embeddable":true,"href":"https:\/\/zjarr.tv\/en\/wp-json\/wp\/v2\/categories?post=107771"},{"taxonomy":"post_tag","embeddable":true,"href":"https:\/\/zjarr.tv\/en\/wp-json\/wp\/v2\/tags?post=107771"}],"curies":[{"name":"wp","href":"https:\/\/api.w.org\/{rel}","templated":true}]}}