{"id":107773,"date":"2019-09-19T13:29:00","date_gmt":"2019-09-19T11:29:00","guid":{"rendered":"https:\/\/zjarr.tv\/?p=107773"},"modified":"2019-09-19T13:29:00","modified_gmt":"2019-09-19T11:29:00","slug":"nuk-duhet-te-humbasim-trenin-e-europes-apeli-i-vasilit-interesi-i-vendit-mbi-te-gjitha","status":"publish","type":"post","link":"https:\/\/zjarr.tv\/en\/nuk-duhet-te-humbasim-trenin-e-europes-apeli-i-vasilit-interesi-i-vendit-mbi-te-gjitha\/","title":{"rendered":"\u201cNuk duhet t\u00eb humbasim trenin e Europ\u00ebs\u201d, apeli i Vasilit: Interesi i vendit mbi t\u00eb gjitha"},"content":{"rendered":"<p>N\u00ebnkryetari i Partis\u00eb L\u00ebvizja Socialiste p\u00ebr Integrim, Petrit Vasili, tha sot se Shqip\u00ebria \u00ebsht\u00eb n\u00eb nj\u00eb kriz\u00eb t\u00eb gjithan\u00ebshme. Sipas tij, vendi yn\u00eb p\u00ebr shkak t\u00eb politikave t\u00eb gabuara rrezikon nj\u00eb izolim t\u00eb plot\u00eb ekonomiko-politik.<\/p>\n<div id=\"sovrn\" class=\"desktop_ad ad_bottom_space\"><ins><\/p>\n<div id=\"beacon_9675080da8\"><\/div>\n<p><\/ins><\/div>\n<p>\u201cNuk duhet t\u00eb humbasim trenin e Europ\u00ebs. Kriza n\u00eb t\u00eb cil\u00ebn ndodhet Shqip\u00ebria \u00ebsht\u00eb nj\u00eb kriz\u00eb e shum\u00ebanshme, kushtetuese, politike, sociale, por mbi t\u00eb gjitha \u00ebsht\u00eb kriz\u00eb p\u00ebrfaq\u00ebsimi q\u00eb do t\u00eb thot\u00eb se vota e shqiptar\u00ebve ka humbur vler\u00ebn. Kjo situat\u00eb k\u00ebrkon mentalitet t\u00eb ri, k\u00ebrkon v\u00ebnien e interesit t\u00eb vendit para t\u00eb gjithave, pasi Shqip\u00ebria rrezikon nj\u00eb izolim t\u00eb plot\u00eb politiko-ekonomik. Shqip\u00ebria nuk mund t\u00eb luaj\u00eb me fatet\u00a0 e veta.\u201d- tha nd\u00ebr t\u00eb tjera, Petrit Vasili.<\/p>","protected":false},"excerpt":{"rendered":"<p>N\u00ebnkryetari i Partis\u00eb L\u00ebvizja Socialiste p\u00ebr Integrim, Petrit Vasili, tha sot se Shqip\u00ebria \u00ebsht\u00eb n\u00eb nj\u00eb kriz\u00eb t\u00eb gjithan\u00ebshme. Sipas tij, vendi yn\u00eb p\u00ebr shkak t\u00eb politikave t\u00eb gabuara rrezikon nj\u00eb izolim t\u00eb plot\u00eb ekonomiko-politik. \u201cNuk duhet t\u00eb humbasim trenin e Europ\u00ebs. Kriza n\u00eb t\u00eb cil\u00ebn ndodhet Shqip\u00ebria \u00ebsht\u00eb nj\u00eb kriz\u00eb e shum\u00ebanshme, kushtetuese, politike, [&hellip;]<\/p>\n","protected":false},"author":2013,"featured_media":0,"comment_status":"open","ping_status":"closed","sticky":false,"template":"","format":"standard","meta":{"footnotes":""},"categories":[241,235],"tags":[],"class_list":{"0":"post-107773","1":"post","2":"type-post","3":"status-publish","4":"format-standard","6":"category-aktualitet","7":"category-vendi"},"_links":{"self":[{"href":"https:\/\/zjarr.tv\/en\/wp-json\/wp\/v2\/posts\/107773","targetHints":{"allow":["GET"]}}],"collection":[{"href":"https:\/\/zjarr.tv\/en\/wp-json\/wp\/v2\/posts"}],"about":[{"href":"https:\/\/zjarr.tv\/en\/wp-json\/wp\/v2\/types\/post"}],"author":[{"embeddable":true,"href":"https:\/\/zjarr.tv\/en\/wp-json\/wp\/v2\/users\/2013"}],"replies":[{"embeddable":true,"href":"https:\/\/zjarr.tv\/en\/wp-json\/wp\/v2\/comments?post=107773"}],"version-history":[{"count":0,"href":"https:\/\/zjarr.tv\/en\/wp-json\/wp\/v2\/posts\/107773\/revisions"}],"wp:attachment":[{"href":"https:\/\/zjarr.tv\/en\/wp-json\/wp\/v2\/media?parent=107773"}],"wp:term":[{"taxonomy":"category","embeddable":true,"href":"https:\/\/zjarr.tv\/en\/wp-json\/wp\/v2\/categories?post=107773"},{"taxonomy":"post_tag","embeddable":true,"href":"https:\/\/zjarr.tv\/en\/wp-json\/wp\/v2\/tags?post=107773"}],"curies":[{"name":"wp","href":"https:\/\/api.w.org\/{rel}","templated":true}]}}