{"id":107775,"date":"2019-09-19T13:36:29","date_gmt":"2019-09-19T11:36:29","guid":{"rendered":"https:\/\/zjarr.tv\/?p=107775"},"modified":"2019-09-19T13:36:29","modified_gmt":"2019-09-19T11:36:29","slug":"arrestohet-ne-rinas-turku-i-kerkuar-ne-zvicerr-per-vrasje","status":"publish","type":"post","link":"https:\/\/zjarr.tv\/en\/arrestohet-ne-rinas-turku-i-kerkuar-ne-zvicerr-per-vrasje\/","title":{"rendered":"Arrestohet n\u00eb Rinas turku i k\u00ebrkuar n\u00eb Zvic\u00ebrr p\u00ebr vrasje"},"content":{"rendered":"<p>Nj\u00eb shtetas turk i k\u00ebrkuar nga Zvicra p\u00ebr vrasje \u00ebsht\u00eb arrestuar n\u00eb aeroportin e Rinasit.<\/p>\n<p>Personi i ndaluar \u00ebsht\u00eb shtetasi turk T. N., 35 vje\u00e7, i k\u00ebrkuar nga Zvicra p\u00ebr vrasje.<\/p>\n<p>Nd\u00ebrkoh\u00eb nj\u00eb shtetas i huaj n\u00eb list\u00ebn e personave m\u00eb t\u00eb k\u00ebrkuar n\u00eb Finland\u00eb \u00ebsht\u00eb arrestuar po n\u00eb Shqip\u00ebri. Ai figuronte me rrezikshm\u00ebri t\u00eb lart\u00eb shoq\u00ebrore dhe fshihej n\u00eb territorin shqiptar.<\/p>\n<p>Zv\/Drejtoresha e P\u00ebrgjithshme e Policis\u00eb s\u00eb Shtetit, Aida Hajnaj, doli \u00a0n\u00eb nj\u00eb \u00a0deklarat\u00eb p\u00ebr t\u00eb dh\u00ebn\u00eb bilancin e personave t\u00eb arrestuar n\u00eb k\u00ebrkim komb\u00ebtar e nd\u00ebrkomb\u00ebtar.<\/p>\n<p>Jan\u00eb kapur dhe arrestuar 45 persona t\u00eb shpallur n\u00eb k\u00ebrkim nd\u00ebrkomb\u00ebtar, nga vendet me t\u00eb cilat ka nj\u00eb marr\u00ebveshje dypal\u00ebshe ekstradimi.<\/p>\n<p>104 persona t\u00eb shpallur n\u00eb k\u00ebrkim nd\u00ebrkomb\u00ebtar nga Shqip\u00ebria jan\u00eb arrestuar n\u00eb Itali, Gjermani, Franc\u00eb, Britani, Holland\u00eb, SH.B.A, Greqi.<\/p>\n<p>Jan\u00eb kapur dhe ndalur 1 187 persona t\u00eb shpallur n\u00eb k\u00ebrkim komb\u00ebtar, p\u00ebr vepra t\u00eb ndryshme penale.<\/p>","protected":false},"excerpt":{"rendered":"<p>Nj\u00eb shtetas turk i k\u00ebrkuar nga Zvicra p\u00ebr vrasje \u00ebsht\u00eb arrestuar n\u00eb aeroportin e Rinasit. Personi i ndaluar \u00ebsht\u00eb shtetasi turk T. N., 35 vje\u00e7, i k\u00ebrkuar nga Zvicra p\u00ebr vrasje. Nd\u00ebrkoh\u00eb nj\u00eb shtetas i huaj n\u00eb list\u00ebn e personave m\u00eb t\u00eb k\u00ebrkuar n\u00eb Finland\u00eb \u00ebsht\u00eb arrestuar po n\u00eb Shqip\u00ebri. Ai figuronte me rrezikshm\u00ebri t\u00eb [&hellip;]<\/p>\n","protected":false},"author":2013,"featured_media":107778,"comment_status":"open","ping_status":"closed","sticky":false,"template":"","format":"standard","meta":{"footnotes":""},"categories":[241,235],"tags":[],"class_list":{"0":"post-107775","1":"post","2":"type-post","3":"status-publish","4":"format-standard","5":"has-post-thumbnail","7":"category-aktualitet","8":"category-vendi"},"_links":{"self":[{"href":"https:\/\/zjarr.tv\/en\/wp-json\/wp\/v2\/posts\/107775","targetHints":{"allow":["GET"]}}],"collection":[{"href":"https:\/\/zjarr.tv\/en\/wp-json\/wp\/v2\/posts"}],"about":[{"href":"https:\/\/zjarr.tv\/en\/wp-json\/wp\/v2\/types\/post"}],"author":[{"embeddable":true,"href":"https:\/\/zjarr.tv\/en\/wp-json\/wp\/v2\/users\/2013"}],"replies":[{"embeddable":true,"href":"https:\/\/zjarr.tv\/en\/wp-json\/wp\/v2\/comments?post=107775"}],"version-history":[{"count":0,"href":"https:\/\/zjarr.tv\/en\/wp-json\/wp\/v2\/posts\/107775\/revisions"}],"wp:featuredmedia":[{"embeddable":true,"href":"https:\/\/zjarr.tv\/en\/wp-json\/wp\/v2\/media\/107778"}],"wp:attachment":[{"href":"https:\/\/zjarr.tv\/en\/wp-json\/wp\/v2\/media?parent=107775"}],"wp:term":[{"taxonomy":"category","embeddable":true,"href":"https:\/\/zjarr.tv\/en\/wp-json\/wp\/v2\/categories?post=107775"},{"taxonomy":"post_tag","embeddable":true,"href":"https:\/\/zjarr.tv\/en\/wp-json\/wp\/v2\/tags?post=107775"}],"curies":[{"name":"wp","href":"https:\/\/api.w.org\/{rel}","templated":true}]}}