{"id":107780,"date":"2019-09-19T13:43:06","date_gmt":"2019-09-19T11:43:06","guid":{"rendered":"https:\/\/zjarr.tv\/?p=107780"},"modified":"2019-09-19T13:43:06","modified_gmt":"2019-09-19T11:43:06","slug":"gjuhes-shqipe-i-mungojne-shume-fjale-shahini-duhen-perafrime-intelektuale-me-kosoven","status":"publish","type":"post","link":"https:\/\/zjarr.tv\/en\/gjuhes-shqipe-i-mungojne-shume-fjale-shahini-duhen-perafrime-intelektuale-me-kosoven\/","title":{"rendered":"\u201cGjuh\u00ebs Shqipe i mungojn\u00eb shum\u00eb fjal\u00eb\u201d, Shahini: Duhen p\u00ebrafrime intelektuale me Kosov\u00ebn"},"content":{"rendered":"<p>Ministrja e Arsimit, Besa Shahini teksa foli n\u00eb Kuvend vuri theksin tek gjuha shqipe, e cila sipas saj, vijon t\u00eb keqp\u00ebrdoret dhe t\u00eb shkruhet\u00a0 me gabime. Ajo tha se ndryshe si\u00e7 b\u00ebjn\u00eb vendet e zhvilluar q\u00eb p\u00ebrmir\u00ebsojn\u00eb dhe pasurojn\u00eb gjuh\u00ebn, kjo n\u00eb Shqip\u00ebria nuk ndodh\u00a0 dhe gjuha\u00a0 jon\u00eb vijon t\u00eb keqp\u00ebrdor\u00ebt.<\/p>\n<div id=\"pa_1x1_psbk_1568893335563\"><\/div>\n<p>Gjithashtu ministrja Shahini tha se dekreti i Presidentit t\u00eb Republik\u00ebs p\u00ebr Akademin\u00eb e Shkencave, Ilir Meta duhet t\u00eb rr\u00ebzohet dhe nj\u00ebher\u00ebsh duhet t\u2019i hapet rruga pun\u00ebs p\u00ebr p\u00ebrafrimet inteletuale mes Shqip\u00ebris\u00eb dhe Kosov\u00ebs.<\/p>\n<p>\u201cGjuha e shqipe nuk p\u00ebrdoret mir\u00eb, ndryshe nga vendet e tjera ku evoluon, p\u00ebrdit\u00ebsohet, por ne nuk e b\u00ebjm\u00eb mir\u00eb n\u00eb gjuh\u00ebn shqipe. Sot gjuh\u00ebs shqipe i mungojn\u00eb shum\u00eb fjal\u00eb. I mungojn\u00eb shprehjet n\u00eb geg\u00ebrisht. Fjal\u00ebt i p\u00ebrdorim\u00a0 gabimisht. Krahas p\u00ebrpjekjeve tona me p\u00ebrafrim komb\u00ebtar, duhet t\u00eb b\u00ebjm\u00eb nj\u00eb p\u00ebrafrim intelektual. Dekreti i Presidentit p\u00ebr Akademin\u00eb e Shkencave duhet t\u00eb rr\u00ebzohet\u201d-tha Shahini.<\/p>","protected":false},"excerpt":{"rendered":"<p>Ministrja e Arsimit, Besa Shahini teksa foli n\u00eb Kuvend vuri theksin tek gjuha shqipe, e cila sipas saj, vijon t\u00eb keqp\u00ebrdoret dhe t\u00eb shkruhet\u00a0 me gabime. Ajo tha se ndryshe si\u00e7 b\u00ebjn\u00eb vendet e zhvilluar q\u00eb p\u00ebrmir\u00ebsojn\u00eb dhe pasurojn\u00eb gjuh\u00ebn, kjo n\u00eb Shqip\u00ebria nuk ndodh\u00a0 dhe gjuha\u00a0 jon\u00eb vijon t\u00eb keqp\u00ebrdor\u00ebt. Gjithashtu ministrja Shahini tha [&hellip;]<\/p>\n","protected":false},"author":2013,"featured_media":66623,"comment_status":"open","ping_status":"closed","sticky":false,"template":"","format":"standard","meta":{"footnotes":""},"categories":[241,235],"tags":[],"class_list":{"0":"post-107780","1":"post","2":"type-post","3":"status-publish","4":"format-standard","5":"has-post-thumbnail","7":"category-aktualitet","8":"category-vendi"},"_links":{"self":[{"href":"https:\/\/zjarr.tv\/en\/wp-json\/wp\/v2\/posts\/107780","targetHints":{"allow":["GET"]}}],"collection":[{"href":"https:\/\/zjarr.tv\/en\/wp-json\/wp\/v2\/posts"}],"about":[{"href":"https:\/\/zjarr.tv\/en\/wp-json\/wp\/v2\/types\/post"}],"author":[{"embeddable":true,"href":"https:\/\/zjarr.tv\/en\/wp-json\/wp\/v2\/users\/2013"}],"replies":[{"embeddable":true,"href":"https:\/\/zjarr.tv\/en\/wp-json\/wp\/v2\/comments?post=107780"}],"version-history":[{"count":0,"href":"https:\/\/zjarr.tv\/en\/wp-json\/wp\/v2\/posts\/107780\/revisions"}],"wp:featuredmedia":[{"embeddable":true,"href":"https:\/\/zjarr.tv\/en\/wp-json\/wp\/v2\/media\/66623"}],"wp:attachment":[{"href":"https:\/\/zjarr.tv\/en\/wp-json\/wp\/v2\/media?parent=107780"}],"wp:term":[{"taxonomy":"category","embeddable":true,"href":"https:\/\/zjarr.tv\/en\/wp-json\/wp\/v2\/categories?post=107780"},{"taxonomy":"post_tag","embeddable":true,"href":"https:\/\/zjarr.tv\/en\/wp-json\/wp\/v2\/tags?post=107780"}],"curies":[{"name":"wp","href":"https:\/\/api.w.org\/{rel}","templated":true}]}}