{"id":107782,"date":"2019-09-19T13:52:17","date_gmt":"2019-09-19T11:52:17","guid":{"rendered":"https:\/\/zjarr.tv\/?p=107782"},"modified":"2019-09-19T13:52:17","modified_gmt":"2019-09-19T11:52:17","slug":"kuvendi-rrezon-dy-dekretet-e-presidentit-ilir-meta-si-votuan-deputetet","status":"publish","type":"post","link":"https:\/\/zjarr.tv\/en\/kuvendi-rrezon-dy-dekretet-e-presidentit-ilir-meta-si-votuan-deputetet\/","title":{"rendered":"Kuvendi rr\u00ebzon dy dekretet e Presidentit, Ilir Meta. Si votuan deputet\u00ebt"},"content":{"rendered":"<p>Kuvendi i Republik\u00ebs ka rr\u00ebzuar dy dekrete t\u00eb tjera t\u00eb Kreut t\u00eb Shtetit. B\u00ebhet fjal\u00eb p\u00ebr Ligjin e Akademis\u00eb s\u00eb Shkencave si dhe ligjin e ndryshimeve n\u00eb Kodin Penal.<\/p>\n<div id=\"sovrn\" class=\"desktop_ad ad_bottom_space\"><ins><\/p>\n<div id=\"beacon_c546139ef6\"><\/div>\n<p><\/ins><\/div>\n<p>Deputet\u00ebt dhe kryetari i grupit parlamentar i PS, Taulant Balla b\u00ebn\u00eb sot diskutime t\u00eb gjata p\u00ebr k\u00ebto \u00e7\u00ebshtje, \u00a0nd\u00ebrsa n\u00eb fund Kuvendi \u00e7oi n\u00eb votim dhe dy dekretet e Met\u00ebs, t\u00eb kthyera p\u00ebr ndryshim, u rr\u00ebzuan \u00a0me shumic\u00eb votash<\/p>\n<h2><strong>Si u votua n\u00eb Kuvend:<\/strong><\/h2>\n<p>Dekreti i Presidenti \u00a0p\u00ebr Kodin Penal<\/p>\n<p>85 vota kund\u00ebr; 11 pro; 2 \u00a0abstenim<\/p>\n<p>Dekreti p\u00ebr Akademin\u00eb e Shkencave<\/p>\n<p>20 vota pro; 78 kund\u00ebr; 5 \u00a0abstenim<\/p>","protected":false},"excerpt":{"rendered":"<p>Kuvendi i Republik\u00ebs ka rr\u00ebzuar dy dekrete t\u00eb tjera t\u00eb Kreut t\u00eb Shtetit. B\u00ebhet fjal\u00eb p\u00ebr Ligjin e Akademis\u00eb s\u00eb Shkencave si dhe ligjin e ndryshimeve n\u00eb Kodin Penal. Deputet\u00ebt dhe kryetari i grupit parlamentar i PS, Taulant Balla b\u00ebn\u00eb sot diskutime t\u00eb gjata p\u00ebr k\u00ebto \u00e7\u00ebshtje, \u00a0nd\u00ebrsa n\u00eb fund Kuvendi \u00e7oi n\u00eb votim dhe [&hellip;]<\/p>\n","protected":false},"author":2013,"featured_media":107786,"comment_status":"open","ping_status":"closed","sticky":false,"template":"","format":"standard","meta":{"footnotes":""},"categories":[241,235],"tags":[],"class_list":{"0":"post-107782","1":"post","2":"type-post","3":"status-publish","4":"format-standard","5":"has-post-thumbnail","7":"category-aktualitet","8":"category-vendi"},"_links":{"self":[{"href":"https:\/\/zjarr.tv\/en\/wp-json\/wp\/v2\/posts\/107782","targetHints":{"allow":["GET"]}}],"collection":[{"href":"https:\/\/zjarr.tv\/en\/wp-json\/wp\/v2\/posts"}],"about":[{"href":"https:\/\/zjarr.tv\/en\/wp-json\/wp\/v2\/types\/post"}],"author":[{"embeddable":true,"href":"https:\/\/zjarr.tv\/en\/wp-json\/wp\/v2\/users\/2013"}],"replies":[{"embeddable":true,"href":"https:\/\/zjarr.tv\/en\/wp-json\/wp\/v2\/comments?post=107782"}],"version-history":[{"count":0,"href":"https:\/\/zjarr.tv\/en\/wp-json\/wp\/v2\/posts\/107782\/revisions"}],"wp:featuredmedia":[{"embeddable":true,"href":"https:\/\/zjarr.tv\/en\/wp-json\/wp\/v2\/media\/107786"}],"wp:attachment":[{"href":"https:\/\/zjarr.tv\/en\/wp-json\/wp\/v2\/media?parent=107782"}],"wp:term":[{"taxonomy":"category","embeddable":true,"href":"https:\/\/zjarr.tv\/en\/wp-json\/wp\/v2\/categories?post=107782"},{"taxonomy":"post_tag","embeddable":true,"href":"https:\/\/zjarr.tv\/en\/wp-json\/wp\/v2\/tags?post=107782"}],"curies":[{"name":"wp","href":"https:\/\/api.w.org\/{rel}","templated":true}]}}