{"id":107789,"date":"2019-09-19T13:54:37","date_gmt":"2019-09-19T11:54:37","guid":{"rendered":"https:\/\/zjarr.tv\/?p=107789"},"modified":"2019-09-19T13:54:37","modified_gmt":"2019-09-19T11:54:37","slug":"gjoni-mazhorances-doni-te-beni-marreveshje-permes-cunave-problematike","status":"publish","type":"post","link":"https:\/\/zjarr.tv\/en\/gjoni-mazhorances-doni-te-beni-marreveshje-permes-cunave-problematike\/","title":{"rendered":"Gjoni-mazhoranc\u00ebs: Doni t\u00eb b\u00ebni marr\u00ebveshje p\u00ebrmes \u00e7unave problematik\u00eb"},"content":{"rendered":"<p>Deputeti i opozit\u00ebs Ralf Gjoni gjat\u00eb fjal\u00ebs s\u00eb tij n\u00eb Kuvend tha se mazhoranca po k\u00ebrkon t\u00eb b\u00ebj\u00eb pazare me PD dhe aleat\u00ebt e saj p\u00ebrmes \u00e7unave problematik\u00eb.<\/p>\n<p>Duke ju drejtuar ministres s\u00eb Drejt\u00ebsis\u00eb, Etilda Gjoni p\u00ebr ashp\u00ebrsimin e Kodit Penal theksoi se problemi i Shqip\u00ebris\u00eb nuk jan\u00eb qytetar\u00ebt por sipas tij \u00e7unat problematik\u00eb n\u00eb Shqip\u00ebri.<\/p>\n<p><strong>Ralf Gjoni:\u00a0<\/strong><em>&#8220;Ministre Kodi Penal patjet\u00ebr t\u00eb ashp\u00ebrsohet por sot problemi i Shqip\u00ebris\u00eb nuk jan\u00eb qytetar\u00ebt problematik\u00eb, por \u00e7unat problematik\u00eb q\u00eb tallen me vjedhjen e vot\u00ebs s\u00eb qytetar\u00ebve shqiptar\u00eb. Ka disa qytetar\u00eb problematik\u00eb por ka edhe qytetar\u00ebt t\u00eb ndersh\u00ebm t\u00eb cil\u00ebt kan\u00eb d\u00ebshir\u00eb t\u00eb shkojn\u00eb tek kutia e votimit dhe t\u00eb votojn\u00eb t\u00eb lir\u00eb t\u00eb barabart\u00eb dhe t\u00eb ken\u00eb besim se vota e tyre do num\u00ebrohet.\u00a0<\/em><\/p>\n<p><em>Pse nuk e b\u00ebjn\u00eb dot k\u00ebt\u00eb qytetar\u00ebt shqiptar\u00eb? Sepse n\u00eb politik\u00eb ka \u00e7una problematik\u00eb. Kemi kaq muaj q\u00eb flasim dhe ul\u00ebrasim n\u00eb Parlament si opozitar\u00eb t\u00eb pavarur por t\u00eb bashkuar p\u00ebr ndryshimin e sistemit zgjedhor. Para 4-5 muajsh talleshin me ne k\u00ebtu, ishin cinik\u00eb n\u00eb ekranet televiziv\u00eb. K\u00ebta k\u00ebtu q\u00eb nuk jan\u00eb as 10 sot q\u00eb diskutojn\u00eb p\u00ebr Kodin Penal, me n\u00eb krye kryeministrin e tyre q\u00eb p\u00ebrs\u00ebri nuk \u00ebsht\u00eb prezent n\u00eb sall\u00ebn e Parlamentit sepse nuk e llogari fare k\u00ebt\u00eb Parlament e kan\u00eb injoruar k\u00ebrkes\u00ebn ton\u00eb p\u00ebr ndryshimin e sistemit zgjedhor duke b\u00ebr\u00eb loj\u00ebra dhe duke u munduar ta shtyjn\u00eb sa t\u00eb munden sepse shpresojn\u00eb n\u00eb marr\u00ebveshje dashuri\u00e7ke me Lul Bash\u00ebn dhe shok\u00ebt e shoqet e tij.\u00a0<\/em><\/p>\n<p><em>K\u00ebta shpresojn\u00eb se do b\u00ebjn\u00eb marr\u00ebveshje p\u00ebrmes \u00e7unave problematik\u00eb, problemi \u00ebsht\u00eb se k\u00ebta nuk e kan\u00eb menduar asnj\u00ebher\u00eb n\u00eb fantazit\u00eb e tyre m\u00eb t\u00eb egra sesa problematik\u00eb mund t\u00eb jemi k\u00ebtu n\u00eb opozit\u00eb, n\u00eb parlament me vot\u00ebn ton\u00eb t\u00eb bashkuar kund\u00ebr zullumeve dhe pisll\u00ebqeve q\u00eb po nd\u00ebrmarrim p\u00ebrmes nismave ligjore dhe marr\u00ebveshjeve t\u00eb fshehta e pazareve q\u00eb mundohen t\u00eb gatuajn\u00eb n\u00eb kurriz t\u00eb shqiptar\u00ebve.<\/em><\/p>","protected":false},"excerpt":{"rendered":"<p>Deputeti i opozit\u00ebs Ralf Gjoni gjat\u00eb fjal\u00ebs s\u00eb tij n\u00eb Kuvend tha se mazhoranca po k\u00ebrkon t\u00eb b\u00ebj\u00eb pazare me PD dhe aleat\u00ebt e saj p\u00ebrmes \u00e7unave problematik\u00eb. Duke ju drejtuar ministres s\u00eb Drejt\u00ebsis\u00eb, Etilda Gjoni p\u00ebr ashp\u00ebrsimin e Kodit Penal theksoi se problemi i Shqip\u00ebris\u00eb nuk jan\u00eb qytetar\u00ebt por sipas tij \u00e7unat problematik\u00eb n\u00eb [&hellip;]<\/p>\n","protected":false},"author":2013,"featured_media":89745,"comment_status":"open","ping_status":"closed","sticky":false,"template":"","format":"standard","meta":{"footnotes":""},"categories":[241,235],"tags":[],"class_list":{"0":"post-107789","1":"post","2":"type-post","3":"status-publish","4":"format-standard","5":"has-post-thumbnail","7":"category-aktualitet","8":"category-vendi"},"_links":{"self":[{"href":"https:\/\/zjarr.tv\/en\/wp-json\/wp\/v2\/posts\/107789","targetHints":{"allow":["GET"]}}],"collection":[{"href":"https:\/\/zjarr.tv\/en\/wp-json\/wp\/v2\/posts"}],"about":[{"href":"https:\/\/zjarr.tv\/en\/wp-json\/wp\/v2\/types\/post"}],"author":[{"embeddable":true,"href":"https:\/\/zjarr.tv\/en\/wp-json\/wp\/v2\/users\/2013"}],"replies":[{"embeddable":true,"href":"https:\/\/zjarr.tv\/en\/wp-json\/wp\/v2\/comments?post=107789"}],"version-history":[{"count":0,"href":"https:\/\/zjarr.tv\/en\/wp-json\/wp\/v2\/posts\/107789\/revisions"}],"wp:featuredmedia":[{"embeddable":true,"href":"https:\/\/zjarr.tv\/en\/wp-json\/wp\/v2\/media\/89745"}],"wp:attachment":[{"href":"https:\/\/zjarr.tv\/en\/wp-json\/wp\/v2\/media?parent=107789"}],"wp:term":[{"taxonomy":"category","embeddable":true,"href":"https:\/\/zjarr.tv\/en\/wp-json\/wp\/v2\/categories?post=107789"},{"taxonomy":"post_tag","embeddable":true,"href":"https:\/\/zjarr.tv\/en\/wp-json\/wp\/v2\/tags?post=107789"}],"curies":[{"name":"wp","href":"https:\/\/api.w.org\/{rel}","templated":true}]}}