{"id":107791,"date":"2019-09-19T14:07:50","date_gmt":"2019-09-19T12:07:50","guid":{"rendered":"https:\/\/zjarr.tv\/?p=107791"},"modified":"2019-09-19T14:07:50","modified_gmt":"2019-09-19T12:07:50","slug":"kruje-8-te-arrestuar-per-kultivim-te-lendeve-narkotike","status":"publish","type":"post","link":"https:\/\/zjarr.tv\/en\/kruje-8-te-arrestuar-per-kultivim-te-lendeve-narkotike\/","title":{"rendered":"Kruj\u00eb, 8 t\u00eb arrestuar p\u00ebr kultivim t\u00eb l\u00ebnd\u00ebve narkotike"},"content":{"rendered":"<p>Tet\u00eb persona jan\u00eb arrestuar n\u00eb Kruj\u00eb dhe 3 t\u00eb tjer\u00eb jan\u00eb shpallur n\u00eb k\u00ebrkim, pasi akuzohen p\u00ebr kultivim t\u00eb l\u00ebnd\u00ebve narkotike. Nd\u00ebrsa \u00a0\u00ebsht\u00eb proceduar edhe kryeplaku i fshatit Gram\u00ebz.<\/p>\n<p>Policia zhvilloi dy operacione kund\u00ebr kultivimit t\u00eb bim\u00ebve narkotike, t\u00eb koduar &#8220;Arrameras 3&#8221; dhe &#8220;Gram\u00ebz 2&#8221;.<\/p>\n<p><strong>T\u00eb arrestuarit e operacionit &#8220;Arrameras 2&#8221;\u00a0<\/strong><\/p>\n<p>E. S., 32 vje\u00e7, banues n\u00eb Arramerras, Fush\u00eb &#8211; Kruj\u00eb;<\/p>\n<p>Y. S., 27 vje\u00e7, banues n\u00eb Arrameras, Fush\u00eb &#8211; Kruj\u00eb;<\/p>\n<p>Si edhe \u00ebsht\u00eb shpallur n\u00eb k\u00ebrkim shtetasi A. S., 50 vje\u00e7 , banues n\u00eb Arrameras, Fush\u00eb &#8211; Kruj\u00eb.<\/p>\n<p><em>&#8220;Gjat\u00eb kontrollit t\u00eb ushtruar n\u00eb banesat e shtetasve t\u00eb m\u00ebsip\u00ebrm u konstatua se n\u00eb n\u00eb bashk\u00ebpunim me nj\u00ebri-tjetrin kan\u00eb kultivuar bim\u00eb narkotike Canabis Sativa, ku u gjet\u00ebn dhe sekuestruan n\u00eb cil\u00ebsin\u00eb e provave materiale 200 bim\u00eb Cannabis Sativa n\u00eb banesat e shtetasve E. S., Y.S. dhe A.S., nj\u00eb kreh\u00ebr automatiku model 56 dhe 50 fishek\u00eb model 7.62 mm, n\u00eb banes\u00ebn e shtetasit A. S&#8221;,<\/em>\u00a0sqaron policia.<\/p>\n<p><strong>T\u00eb arrestuarit e operacionit &#8220;Gramza 2&#8221;<\/strong><\/p>\n<p>A. C., 26 vje\u00e7, banues n\u00eb Gram\u00ebz, Fush\u00eb &#8211; Kruj\u00eb;<\/p>\n<p>R. C., 34 vje\u00e7, banues n\u00eb Gram\u00ebz, Fush\u00eb &#8211; Kruj\u00eb;<\/p>\n<p>Gj. C., 46 vje\u00e7, banues n\u00eb Gram\u00ebz, Fush\u00eb &#8211; Kruj\u00eb;<\/p>\n<p>G. S., 32 vje\u00e7, banues n\u00eb Gram\u00ebz, Fush\u00eb &#8211; Kruj\u00eb;<\/p>\n<p>Gj. S., 32 vje\u00e7, banues n\u00eb Gram\u00ebz, Fush\u00eb &#8211; Kruj\u00eb;<\/p>\n<p>L. S., 50 vje\u00e7, banues n\u00eb Gram\u00ebz, Fush\u00eb &#8211; Kruj\u00eb.<\/p>\n<p>Gjithashtu jan\u00eb shpallur n\u00eb k\u00ebrkim dhe po punohet p\u00ebr kapjen e shtetasve Sh. S., 40 vje\u00e7 dhe K. S., 46 vje\u00e7, banues n\u00eb Gram\u00ebz , Fush\u00eb &#8211; Kruj\u00eb.<\/p>\n<p><em>&#8220;Gjat\u00eb kontrollit t\u00eb ushtruar n\u00eb banesat e shtetasve t\u00eb m\u00ebsip\u00ebrm jan\u00eb gjetur dhe sekuestruar n\u00eb cil\u00ebsin\u00eb e provave materiale 150 bim\u00eb t\u00eb dyshuara t\u00eb llojit Cannabis Sativa, 9 kg bo\u00e7e Cannabis Sativa, 1 fishek model 56, kalib\u00ebr 7.62 mm&#8221;,<\/em>\u00a0thot\u00eb policia.<\/p>\n<p>Nd\u00ebrkoh\u00eb, \u00ebsht\u00eb proceduar n\u00eb gjendje t\u00eb lire, p\u00ebr vepr\u00ebn penale &#8220;Shp\u00ebrdorimi i detyr\u00ebs&#8221; shtetasi Gj. L., \u00a053 vje\u00e7, banues n\u00eb Gram\u00ebz, Fush\u00eb &#8211; Kruj\u00eb, kryeplaku i fshatit Gram\u00ebz.<\/p>\n<p>Materialet i kaluan Prokuroris\u00eb s\u00eb Rrethit Gjyq\u00ebsor Kruj\u00eb p\u00ebr veprime t\u00eb m\u00ebtejshme.<\/p>","protected":false},"excerpt":{"rendered":"<p>Tet\u00eb persona jan\u00eb arrestuar n\u00eb Kruj\u00eb dhe 3 t\u00eb tjer\u00eb jan\u00eb shpallur n\u00eb k\u00ebrkim, pasi akuzohen p\u00ebr kultivim t\u00eb l\u00ebnd\u00ebve narkotike. Nd\u00ebrsa \u00a0\u00ebsht\u00eb proceduar edhe kryeplaku i fshatit Gram\u00ebz. Policia zhvilloi dy operacione kund\u00ebr kultivimit t\u00eb bim\u00ebve narkotike, t\u00eb koduar &#8220;Arrameras 3&#8221; dhe &#8220;Gram\u00ebz 2&#8221;. T\u00eb arrestuarit e operacionit &#8220;Arrameras 2&#8221;\u00a0 E. S., 32 vje\u00e7, [&hellip;]<\/p>\n","protected":false},"author":2013,"featured_media":107792,"comment_status":"open","ping_status":"closed","sticky":false,"template":"","format":"standard","meta":{"footnotes":""},"categories":[241,235],"tags":[],"class_list":{"0":"post-107791","1":"post","2":"type-post","3":"status-publish","4":"format-standard","5":"has-post-thumbnail","7":"category-aktualitet","8":"category-vendi"},"_links":{"self":[{"href":"https:\/\/zjarr.tv\/en\/wp-json\/wp\/v2\/posts\/107791","targetHints":{"allow":["GET"]}}],"collection":[{"href":"https:\/\/zjarr.tv\/en\/wp-json\/wp\/v2\/posts"}],"about":[{"href":"https:\/\/zjarr.tv\/en\/wp-json\/wp\/v2\/types\/post"}],"author":[{"embeddable":true,"href":"https:\/\/zjarr.tv\/en\/wp-json\/wp\/v2\/users\/2013"}],"replies":[{"embeddable":true,"href":"https:\/\/zjarr.tv\/en\/wp-json\/wp\/v2\/comments?post=107791"}],"version-history":[{"count":0,"href":"https:\/\/zjarr.tv\/en\/wp-json\/wp\/v2\/posts\/107791\/revisions"}],"wp:featuredmedia":[{"embeddable":true,"href":"https:\/\/zjarr.tv\/en\/wp-json\/wp\/v2\/media\/107792"}],"wp:attachment":[{"href":"https:\/\/zjarr.tv\/en\/wp-json\/wp\/v2\/media?parent=107791"}],"wp:term":[{"taxonomy":"category","embeddable":true,"href":"https:\/\/zjarr.tv\/en\/wp-json\/wp\/v2\/categories?post=107791"},{"taxonomy":"post_tag","embeddable":true,"href":"https:\/\/zjarr.tv\/en\/wp-json\/wp\/v2\/tags?post=107791"}],"curies":[{"name":"wp","href":"https:\/\/api.w.org\/{rel}","templated":true}]}}