{"id":107798,"date":"2019-09-19T14:23:49","date_gmt":"2019-09-19T12:23:49","guid":{"rendered":"https:\/\/zjarr.tv\/?p=107798"},"modified":"2019-09-19T14:23:49","modified_gmt":"2019-09-19T12:23:49","slug":"ilir-meta-se-ka-kuptuar-ende-thelbin-rama-perdor-serish-te-vetet-per-te-goditur-presidentin","status":"publish","type":"post","link":"https:\/\/zjarr.tv\/en\/ilir-meta-se-ka-kuptuar-ende-thelbin-rama-perdor-serish-te-vetet-per-te-goditur-presidentin\/","title":{"rendered":"\u201cIlir Meta s\u2019e ka kuptuar ende thelbin\u201d! Rama p\u00ebrdor s\u00ebrish t\u00eb vet\u00ebt p\u00ebr t\u00eb goditur Presidentin"},"content":{"rendered":"<p>Kryeministri Edi Rama nuk ka qen\u00eb i pranish\u00ebm as n\u00eb seanc\u00ebn e sotme plenare, por kjo nuk e ka penguar t\u2019i p\u00ebrgjigjet Presidentit t\u00eb Republik\u00ebs, Ilir Meta, p\u00ebr vendimin e tij p\u00ebr t\u00eb kthyer n\u00eb Kuvend p\u00ebr rishqyrtim dy projektligje t\u00eb qeveris\u00eb.<\/p>\n<div id=\"sovrn\" class=\"desktop_ad ad_bottom_space\"><ins><\/p>\n<div id=\"beacon_ad25d7fd4f\"><\/div>\n<p><\/ins><\/div>\n<p>B\u00ebhet fjal\u00eb p\u00ebr Ligjin e Akademis\u00eb s\u00eb Shkencave dhe ligjin e ndryshimeve n\u00eb Kodin Penal, t\u00eb cil\u00ebt u rr\u00ebzuan sot nga mazhoranca, pasi ministrat e Ram\u00ebs sqaruan arsyet pse duhen k\u00ebto ligje. Vet\u00eb kryeministri Rama i \u00ebsht\u00eb p\u00ebrgjigjur Met\u00ebs me mesazhet e ministrave t\u00eb tij, teksa ka shp\u00ebrndar\u00eb n\u00eb faqen e tij n\u00eb \u201cFacebook\u201d fjal\u00ebn e secilit minist\u00ebr n\u00eb Kuvend, q\u00eb sqarojn\u00eb r\u00ebnd\u00ebsin\u00eb e k\u00ebtyre dy projektligjeve.<\/p>\n<p>M\u00eb posht\u00eb, fjala e ministrave, kreut t\u00eb grupit t\u00eb PS dhe deputetit Ulsi Manja, t\u00eb shp\u00ebrndara nga kryeministri Rama, si mesazh d\u00ebrguar Presidentit Ilir Meta:<\/p>\n<p>\u201cLigji i ri p\u00ebr Akademin\u00eb e Shkencave e fuqizon k\u00ebt\u00eb institucion duke i dh\u00ebn\u00eb mund\u00ebsin\u00eb p\u00ebr tu shnd\u00ebrruar n\u00eb p\u00ebrfaq\u00ebsuesen m\u00eb t\u00eb denj\u00eb t\u00eb vlerave m\u00eb t\u00eb mira intelektuale q\u00eb Shqip\u00ebria duhet t\u2019i promovoj\u00eb jo vet\u00ebm n\u00eb vend, por edhe jasht\u00eb saj\u201d, tha ministrja e Arsimit, Besa Shahini.<\/p>\n<p>\u201cPaketa e ndryshimeve n\u00eb Kodin Penal e nevojshme p\u00ebr t\u00eb forcuar masat penale n\u00eb fush\u00ebn e siguris\u00eb publike, t\u00eb jet\u00ebs dhe sh\u00ebndetit. Ato sigurojn\u00eb mbrojtje t\u00eb posa\u00e7me juridiko-penale mjek\u00ebve, artist\u00ebve, sportist\u00ebve dhe adresojn\u00eb dhun\u00ebn n\u00eb stadiume, krimin mjedisor, masat n\u00eb fush\u00ebn e siguris\u00eb ushqimore dhe t\u00eb drejt\u00ebs s\u00eb autorit\u201d, u shpreh deputeti Ulsi Manja, n\u00eb em\u00ebr t\u00eb grupit t\u00eb PS.<\/p>\n<p>\u201cIlir Meta nuk e ka kuptuar ende se kush ka qen\u00eb thelbi i ndryshimeve n\u00eb Kodin Penal. U vonuam dy muaj sepse ai e ka vet\u00eb pozicionuar presidenc\u00ebn n\u00eb nj\u00eb prej selive t\u00eb opozit\u00ebs. Ashp\u00ebrsimi i t\u00eb gjith\u00eb d\u00ebnimeve ndaj veprave penale q\u00eb cenojn\u00eb sigurin\u00eb ushqimore t\u00eb qytetar\u00ebve, duhet t\u00eb jet\u00eb v\u00ebmendja jon\u00eb kryesore\u201d, deklaroi kreu i grupit t\u00eb PS, Taulant Balla.<\/p>\n<p>\u201cQ\u00ebllimi i ndryshimeve n\u00eb Kodin Penal \u00ebsht\u00eb forcimi i goditjes penale ndaj disa femoneve si goditja e punonj\u00ebsve n\u00eb detyr\u00eb, cenimi i siguris\u00eb ushqimore dhe d\u00ebmtimi i mjedisit. Duke u marr\u00eb me teknikalitet, Presidenti vonoi hyrjen n\u00eb fuqi t\u00eb nj\u00eb nisme m\u00eb r\u00ebnd\u00ebsi p\u00ebr sigurin\u00eb, jet\u00ebn e sh\u00ebndetin e qytetar\u00ebve\u201d, tha ministrja e Drejt\u00ebsis\u00eb, Etilda Gjonaj.<\/p>\n<p>\u201cNdryshimet e reja n\u00eb Kodin Penal kan\u00eb parashikuar r\u00ebndim t\u00eb mas\u00ebs s\u00eb d\u00ebnimit p\u00ebr vepra penale q\u00eb kryhen ndaj punonj\u00ebsve t\u00eb rendit. Me k\u00ebto masa ne do t\u2019u japim punonj\u00ebsve t\u00eb rendit mbrojtjen e nevojshme, q\u00eb ata kan\u00eb nevoj\u00eb p\u00ebr t\u00eb kryer me profesionaliz\u00ebm detyr\u00ebn e tyre\u201d, deklaroi ministri i Brendsh\u00ebm, Sand\u00ebr Lleshaj.<\/p>","protected":false},"excerpt":{"rendered":"<p>Kryeministri Edi Rama nuk ka qen\u00eb i pranish\u00ebm as n\u00eb seanc\u00ebn e sotme plenare, por kjo nuk e ka penguar t\u2019i p\u00ebrgjigjet Presidentit t\u00eb Republik\u00ebs, Ilir Meta, p\u00ebr vendimin e tij p\u00ebr t\u00eb kthyer n\u00eb Kuvend p\u00ebr rishqyrtim dy projektligje t\u00eb qeveris\u00eb. B\u00ebhet fjal\u00eb p\u00ebr Ligjin e Akademis\u00eb s\u00eb Shkencave dhe ligjin e ndryshimeve n\u00eb [&hellip;]<\/p>\n","protected":false},"author":2013,"featured_media":61971,"comment_status":"open","ping_status":"closed","sticky":false,"template":"","format":"standard","meta":{"footnotes":""},"categories":[241,235],"tags":[],"class_list":{"0":"post-107798","1":"post","2":"type-post","3":"status-publish","4":"format-standard","5":"has-post-thumbnail","7":"category-aktualitet","8":"category-vendi"},"_links":{"self":[{"href":"https:\/\/zjarr.tv\/en\/wp-json\/wp\/v2\/posts\/107798","targetHints":{"allow":["GET"]}}],"collection":[{"href":"https:\/\/zjarr.tv\/en\/wp-json\/wp\/v2\/posts"}],"about":[{"href":"https:\/\/zjarr.tv\/en\/wp-json\/wp\/v2\/types\/post"}],"author":[{"embeddable":true,"href":"https:\/\/zjarr.tv\/en\/wp-json\/wp\/v2\/users\/2013"}],"replies":[{"embeddable":true,"href":"https:\/\/zjarr.tv\/en\/wp-json\/wp\/v2\/comments?post=107798"}],"version-history":[{"count":0,"href":"https:\/\/zjarr.tv\/en\/wp-json\/wp\/v2\/posts\/107798\/revisions"}],"wp:featuredmedia":[{"embeddable":true,"href":"https:\/\/zjarr.tv\/en\/wp-json\/wp\/v2\/media\/61971"}],"wp:attachment":[{"href":"https:\/\/zjarr.tv\/en\/wp-json\/wp\/v2\/media?parent=107798"}],"wp:term":[{"taxonomy":"category","embeddable":true,"href":"https:\/\/zjarr.tv\/en\/wp-json\/wp\/v2\/categories?post=107798"},{"taxonomy":"post_tag","embeddable":true,"href":"https:\/\/zjarr.tv\/en\/wp-json\/wp\/v2\/tags?post=107798"}],"curies":[{"name":"wp","href":"https:\/\/api.w.org\/{rel}","templated":true}]}}