{"id":107800,"date":"2019-09-19T14:32:18","date_gmt":"2019-09-19T12:32:18","guid":{"rendered":"https:\/\/zjarr.tv\/?p=107800"},"modified":"2019-09-19T14:32:18","modified_gmt":"2019-09-19T12:32:18","slug":"800-forca-te-nato-sterviten-ne-bize","status":"publish","type":"post","link":"https:\/\/zjarr.tv\/en\/800-forca-te-nato-sterviten-ne-bize\/","title":{"rendered":"800 forca t\u00eb NATO st\u00ebrviten n\u00eb Biz\u00eb"},"content":{"rendered":"<p>00 forca ushtarake t\u00eb NATO, nga 12 vende aleate, zhvilluan nj\u00eb st\u00ebrvitje nd\u00ebrkomb\u00ebtare n\u00eb Biz\u00eb, n\u00eb Shqip\u00ebri, t\u00eb quajtur \u00a0\u201cAlbanian Effort 19\u201d<\/p>\n<p>Ushtarak\u00ebt qen\u00eb nga Shqip\u00ebria, SHBA, Mbret\u00ebri e Bashkuar, Turqia, Kroacia, Polonia, Italia, Gjermania, Bullgaria, Mali i Zi, Maqedonia e Veriut dhe Kosova.<\/p>\n<p>St\u00ebrvitja \u201cAlbanianEffort 19\u201d sh\u00ebrbeu gjithashtu p\u00ebr certifikimin e kompanis\u00eb s\u00eb II \u201cKomando\u201d e deklaruar nga vendi yn\u00eb n\u00eb NATO si pjes\u00eb e Task Forc\u00ebs s\u00eb Gatishm\u00ebris\u00eb Shum\u00eb t\u00eb Lart\u00eb (VeryHighReadinessJointTask Force, VJTF).<\/p>","protected":false},"excerpt":{"rendered":"<p>00 forca ushtarake t\u00eb NATO, nga 12 vende aleate, zhvilluan nj\u00eb st\u00ebrvitje nd\u00ebrkomb\u00ebtare n\u00eb Biz\u00eb, n\u00eb Shqip\u00ebri, t\u00eb quajtur \u00a0\u201cAlbanian Effort 19\u201d Ushtarak\u00ebt qen\u00eb nga Shqip\u00ebria, SHBA, Mbret\u00ebri e Bashkuar, Turqia, Kroacia, Polonia, Italia, Gjermania, Bullgaria, Mali i Zi, Maqedonia e Veriut dhe Kosova. St\u00ebrvitja \u201cAlbanianEffort 19\u201d sh\u00ebrbeu gjithashtu p\u00ebr certifikimin e kompanis\u00eb s\u00eb II [&hellip;]<\/p>\n","protected":false},"author":2013,"featured_media":107801,"comment_status":"open","ping_status":"closed","sticky":false,"template":"","format":"standard","meta":{"footnotes":""},"categories":[241,235],"tags":[],"class_list":{"0":"post-107800","1":"post","2":"type-post","3":"status-publish","4":"format-standard","5":"has-post-thumbnail","7":"category-aktualitet","8":"category-vendi"},"_links":{"self":[{"href":"https:\/\/zjarr.tv\/en\/wp-json\/wp\/v2\/posts\/107800","targetHints":{"allow":["GET"]}}],"collection":[{"href":"https:\/\/zjarr.tv\/en\/wp-json\/wp\/v2\/posts"}],"about":[{"href":"https:\/\/zjarr.tv\/en\/wp-json\/wp\/v2\/types\/post"}],"author":[{"embeddable":true,"href":"https:\/\/zjarr.tv\/en\/wp-json\/wp\/v2\/users\/2013"}],"replies":[{"embeddable":true,"href":"https:\/\/zjarr.tv\/en\/wp-json\/wp\/v2\/comments?post=107800"}],"version-history":[{"count":0,"href":"https:\/\/zjarr.tv\/en\/wp-json\/wp\/v2\/posts\/107800\/revisions"}],"wp:featuredmedia":[{"embeddable":true,"href":"https:\/\/zjarr.tv\/en\/wp-json\/wp\/v2\/media\/107801"}],"wp:attachment":[{"href":"https:\/\/zjarr.tv\/en\/wp-json\/wp\/v2\/media?parent=107800"}],"wp:term":[{"taxonomy":"category","embeddable":true,"href":"https:\/\/zjarr.tv\/en\/wp-json\/wp\/v2\/categories?post=107800"},{"taxonomy":"post_tag","embeddable":true,"href":"https:\/\/zjarr.tv\/en\/wp-json\/wp\/v2\/tags?post=107800"}],"curies":[{"name":"wp","href":"https:\/\/api.w.org\/{rel}","templated":true}]}}