{"id":107803,"date":"2019-09-19T14:34:17","date_gmt":"2019-09-19T12:34:17","guid":{"rendered":"https:\/\/zjarr.tv\/?p=107803"},"modified":"2019-09-19T14:34:17","modified_gmt":"2019-09-19T12:34:17","slug":"mesic-kufiri-kosove-serbi-eshte-i-paprekshem-nuk-arriti-ta-ndryshonte-as-milloshevici","status":"publish","type":"post","link":"https:\/\/zjarr.tv\/en\/mesic-kufiri-kosove-serbi-eshte-i-paprekshem-nuk-arriti-ta-ndryshonte-as-milloshevici\/","title":{"rendered":"Mesi\u00e7: Kufiri Kosov\u00eb-Serbi \u00ebsht\u00eb i papreksh\u00ebm, nuk arriti ta ndryshonte as Milloshevi\u00e7i"},"content":{"rendered":"<p>ish-presidenti i Kroacis\u00eb, Stipe Mesi\u00e7, n\u00eb nj\u00eb intervist\u00eb p\u00ebr edicionin e DW n\u00eb gjuh\u00ebn polake, ka folur p\u00ebr zhvillimet n\u00eb Ballkanin Per\u00ebndimor.<\/p>\n<p>Mesi\u00e7 ka th\u00ebn\u00eb se problemi i Bosnje e Hercegovin\u00ebs \u00ebsht\u00eb nj\u00eb prej problemeve q\u00eb duhet zgjidhur, pasi sipas tij \u00ebsht\u00eb nj\u00eb prej problemeve m\u00eb komplekse n\u00eb rajonin e Ballkanit Per\u00ebndimor.<\/p>\n<div class=\"in-artile-read-more\">Mesi\u00e7k ka kritikuar nd\u00ebrkoh\u00eb politik\u00ebn e Beogradit karshi Bosnj\u00ebs, pasi si\u00e7 thot\u00eb ai, n\u00eb nj\u00ebr\u00ebn an\u00eb serb\u00ebt deklarohet se e respektojn\u00eb nj\u00eb Bosnje e Hercegovin\u00eb t\u00eb unifikuar, nd\u00ebrkoh\u00eb n\u00eb t\u00eb nj\u00ebjt\u00ebn koh\u00eb mb\u00ebshtesin politikat e Millorad Dodikut, i cili nuk e njeh si shtet Bosnj\u00ebn.<\/div>\n<div id=\"rekl-13\">\n<div id=\"__sap-ad-15\" class=\"__sap-ads __sap-html tracked\" data-title=\"Credins desktop 08\"><ins><\/p>\n<div id=\"beacon_88ca30a1f4\"><img loading=\"lazy\" decoding=\"async\" src=\"https:\/\/ads1.medium.al\/www\/delivery\/lg.php?bannerid=373&amp;campaignid=48&amp;zoneid=182&amp;loc=https%3A%2F%2Fwww.syri.net%2Fpolitike%2F281482%2Fmesic-kufiri-kosove-serbi-eshte-i-paprekshem-nuk-arriti-ta-ndryshonte-as-milloshevici%2F&amp;referer=https%3A%2F%2Fwww.syri.net%2Flajme%2F&amp;cb=88ca30a1f4\" alt=\"\" width=\"0\" height=\"0\" \/><\/div>\n<p><\/ins><\/div>\n<\/div>\n<p>Tutje ish-presidenti kroat ka folur edhe p\u00ebr paprekshm\u00ebrin\u00eb e kufijve t\u00eb shteteve n\u00eb Ballkanin Per\u00ebndimor, duke theksuar faktin se t\u00eb gjitha luft\u00ebrat n\u00eb Ballkan jan\u00eb b\u00ebr\u00eb p\u00ebr shkak t\u00eb kufijve.<\/p>\n<p>\u201cAbsolutisht. T\u00eb gjitha luft\u00ebrat n\u00eb Evrop\u00eb kan\u00eb filluar p\u00ebr shkak t\u00eb kufijve. Dhe t\u00eb gjith\u00eb agresor\u00ebt kan\u00eb g\u00ebnjyer duke th\u00ebn\u00eb se po tentojn\u00eb t\u00eb mbrojn\u00eb minoritetet komb\u00ebtare n\u00eb vendin tjet\u00ebr. Sidoqoft\u00eb ata m\u00eb pas pushtonin territore t\u00eb popujve tjer\u00eb. Ata thjesht\u00eb kan\u00eb g\u00ebnjyer\u201d ka th\u00ebn\u00eb Mesi\u00e7, trasnmeton Gazeta Express.<\/p>\n<p>Teksa ka folur p\u00ebr regjimin e Sllobodan Millosheviqit, Mesi\u00e7 ka th\u00ebn\u00eb se presidenti fam\u00ebkeq d\u00ebshiront\u00eb nj\u00eb Serbi t\u00eb Madhe etnikisht t\u00eb past\u00ebr.<\/p>\n<p>Por ish-presidenti kroat thot\u00eb se Millosheviq edhe p\u00ebrkund\u00ebr ushtris\u00eb s\u00eb fuqishme q\u00eb kishte nuk kishte mundur t\u00eb ndryshonte asnj\u00eb milimet\u00ebr kufijt\u00eb n\u00eb mes t\u00eb Republikave t\u00eb ish-Jugosllavis\u00eb dhe provincave.<\/p>\n<p>\u201cPra kur Millosheviqi me ushtrin\u00eb e tij t\u00eb fuqishme nuk arriti t\u2019i ndryshonte kufijt\u00eb, askush nuk mund t\u2019i ndryshoj\u00eb ata as tani\u201d, ka potencuar Mesi\u00e7, transmeton Gazeta Express.<\/p>\n<p>Ish-presidenti kroat shton tutje se tendenca e Millosheviqit p\u00ebr krijimin e nj\u00eb \u201cSerbie t\u00eb Madhe\u201d e t\u00eb past\u00ebr etnikisht kishte shkaktuar persekutimin dhe spastrimin etnik t\u00eb popujve tjer\u00eb jo serb t\u00eb Ballkanit.<\/p>\n<p>Teksa \u00ebsht\u00eb pyetur p\u00ebr mund\u00ebsin\u00eb e ndonj\u00eb shp\u00ebrthimi t\u00eb mundsh\u00ebm n\u00eb Ballkan, Mesi\u00e7 ka th\u00ebn\u00eb se nuk beson q\u00eb situata \u00ebsht\u00eb n\u00eb at\u00eb faz\u00eb q\u00eb mund t\u00eb pritet di\u00e7ka e till\u00eb, duke ritheksuar si problematike, Republika Srpskan e Dodikut n\u00eb Bosnje e Hercegovin\u00eb.<\/p>","protected":false},"excerpt":{"rendered":"<p>ish-presidenti i Kroacis\u00eb, Stipe Mesi\u00e7, n\u00eb nj\u00eb intervist\u00eb p\u00ebr edicionin e DW n\u00eb gjuh\u00ebn polake, ka folur p\u00ebr zhvillimet n\u00eb Ballkanin Per\u00ebndimor. Mesi\u00e7 ka th\u00ebn\u00eb se problemi i Bosnje e Hercegovin\u00ebs \u00ebsht\u00eb nj\u00eb prej problemeve q\u00eb duhet zgjidhur, pasi sipas tij \u00ebsht\u00eb nj\u00eb prej problemeve m\u00eb komplekse n\u00eb rajonin e Ballkanit Per\u00ebndimor. Mesi\u00e7k ka kritikuar [&hellip;]<\/p>\n","protected":false},"author":2013,"featured_media":107805,"comment_status":"open","ping_status":"closed","sticky":false,"template":"","format":"standard","meta":{"footnotes":""},"categories":[241,235],"tags":[],"class_list":{"0":"post-107803","1":"post","2":"type-post","3":"status-publish","4":"format-standard","5":"has-post-thumbnail","7":"category-aktualitet","8":"category-vendi"},"_links":{"self":[{"href":"https:\/\/zjarr.tv\/en\/wp-json\/wp\/v2\/posts\/107803","targetHints":{"allow":["GET"]}}],"collection":[{"href":"https:\/\/zjarr.tv\/en\/wp-json\/wp\/v2\/posts"}],"about":[{"href":"https:\/\/zjarr.tv\/en\/wp-json\/wp\/v2\/types\/post"}],"author":[{"embeddable":true,"href":"https:\/\/zjarr.tv\/en\/wp-json\/wp\/v2\/users\/2013"}],"replies":[{"embeddable":true,"href":"https:\/\/zjarr.tv\/en\/wp-json\/wp\/v2\/comments?post=107803"}],"version-history":[{"count":0,"href":"https:\/\/zjarr.tv\/en\/wp-json\/wp\/v2\/posts\/107803\/revisions"}],"wp:featuredmedia":[{"embeddable":true,"href":"https:\/\/zjarr.tv\/en\/wp-json\/wp\/v2\/media\/107805"}],"wp:attachment":[{"href":"https:\/\/zjarr.tv\/en\/wp-json\/wp\/v2\/media?parent=107803"}],"wp:term":[{"taxonomy":"category","embeddable":true,"href":"https:\/\/zjarr.tv\/en\/wp-json\/wp\/v2\/categories?post=107803"},{"taxonomy":"post_tag","embeddable":true,"href":"https:\/\/zjarr.tv\/en\/wp-json\/wp\/v2\/tags?post=107803"}],"curies":[{"name":"wp","href":"https:\/\/api.w.org\/{rel}","templated":true}]}}