{"id":107808,"date":"2019-09-19T15:00:09","date_gmt":"2019-09-19T13:00:09","guid":{"rendered":"https:\/\/zjarr.tv\/?p=107808"},"modified":"2019-09-19T15:00:09","modified_gmt":"2019-09-19T13:00:09","slug":"berisha-ne-krah-te-tahirit-thikat-ne-gjyq-per-ramen-e-xhafajn","status":"publish","type":"post","link":"https:\/\/zjarr.tv\/en\/berisha-ne-krah-te-tahirit-thikat-ne-gjyq-per-ramen-e-xhafajn\/","title":{"rendered":"Berisha ne krah te Tahirit: Thikat ne gjyq per Ramen e Xhafajn"},"content":{"rendered":"<p>Ish-kryeministri Sali Berisha ka \u2018analizuar\u2019 p\u00ebrmes nj\u00eb statusi n\u00eb facebook, mesazhet e p\u00ebrcjella sot n\u00eb seanc\u00eb gjyq\u00ebsore. \u201cThikat e Tahirit n\u00eb sallen e gjygjit p\u00ebr Edvin Mafin\u00eb dhe Fatmir Drog\u00ebn!\u201d k\u00ebshtu e nis Berisha reagimin e tij n\u00eb rrjetet sociale, nd\u00ebrsa shton se morali i deklaratave t\u00eb ish ministrit sot para trupit gjykues ishin t\u00eb qarta: Guxoni t\u00eb m\u00eb d\u00ebnoni do t\u2019ju marr\u00eb me vehte me gjith\u00eb v\u00ebllezerit tuaj trafikant.<\/p>\n<div id=\"sovrn\" class=\"desktop_ad ad_bottom_space\"><ins><\/p>\n<div id=\"beacon_9a9569500c\"><\/div>\n<p><\/ins><\/div>\n<p><strong>Postimi i plot\u00eb:<\/strong><\/p>\n<p>Thikat e Tahirit ne sallen e gjygjit per Edvin Mafine dhe Fatmir Drogen!<\/p>\n<p>Miq, sot Saimir Habili leshoi ne sallen e gjyqit dy akuza bombe me kodin e mafies per Edvin Mafine dhe Olsi Xibraken nga njera ane dhe Fatmir Drogen dhe Geron Trafikun nga ana tjeter. Deklaratat bombe, kod mafioz te Saimir Habilit ishin si vijon.<\/p>\n<p>1-\u201cN\u00eb raport me politik\u00ebn Edi Rama \u00ebsht\u00eb shefi i madh\u201d, mesazhet e koduara, ish-ministri nxjerr foton me Ram\u00ebn n\u00eb gjyq.<\/p>\n<div class=\"text_exposed_show\">\n<p>2-Un\u00eb i pandehur se shita makin\u00ebn, t\u00eb tjer\u00eb me v\u00ebllez\u00ebr trafikant\u00eb s\u2019mbajn\u00eb p\u00ebrgjegj\u00ebsi\u201d \u2013 Mesazhet e Tahirit n\u00eb gjyq.<\/p>\n<div id=\"videoad\"><\/div>\n<div id=\"pa_1x1_psbk_1568897989617\"><\/div>\n<p>Me keto mesazhe te koduara Saimir Habili deklaroi:<br \/>\nPolitika e kanabizimit te vendit ishte e Edvinit jo e imja. Pra une zbatova porosite e shefit te madh o gjyktates.<\/p>\n<p>Perve\u00e7 kesaj ai akuzon direkt Ramen dhe Xhafen qe nuk mbajne pergjegjesi per vellezerit trafikant (Olsin dheGeronin).<\/p>\n<p>Sajmir Habili nuk kercenon vetem Xhafen per Geronin si \u00e7po perpiqet Fuga dhe Don Djall Aga\u00e7io te manipulojne me mediat, pasi ai qellimisht nuk thote tjetri me vella trafikant por foli ne shumes, te tjere me vellezer trafikante dhe ketu fjala eshte personalisht per Edvin Mafine dhe Olsi Xibraken dhe Fatmir Drogen dhe Agron\/Geron Trafikun!<\/p>\n<p>Morali: Guxoni te me denoni do tju marre me vehte me gjithe vellezerit tuaj trafikant!! sb<\/p>\n<\/div>","protected":false},"excerpt":{"rendered":"<p>Ish-kryeministri Sali Berisha ka \u2018analizuar\u2019 p\u00ebrmes nj\u00eb statusi n\u00eb facebook, mesazhet e p\u00ebrcjella sot n\u00eb seanc\u00eb gjyq\u00ebsore. \u201cThikat e Tahirit n\u00eb sallen e gjygjit p\u00ebr Edvin Mafin\u00eb dhe Fatmir Drog\u00ebn!\u201d k\u00ebshtu e nis Berisha reagimin e tij n\u00eb rrjetet sociale, nd\u00ebrsa shton se morali i deklaratave t\u00eb ish ministrit sot para trupit gjykues ishin t\u00eb [&hellip;]<\/p>\n","protected":false},"author":2013,"featured_media":65486,"comment_status":"open","ping_status":"closed","sticky":false,"template":"","format":"standard","meta":{"footnotes":""},"categories":[241,235],"tags":[],"class_list":{"0":"post-107808","1":"post","2":"type-post","3":"status-publish","4":"format-standard","5":"has-post-thumbnail","7":"category-aktualitet","8":"category-vendi"},"_links":{"self":[{"href":"https:\/\/zjarr.tv\/en\/wp-json\/wp\/v2\/posts\/107808","targetHints":{"allow":["GET"]}}],"collection":[{"href":"https:\/\/zjarr.tv\/en\/wp-json\/wp\/v2\/posts"}],"about":[{"href":"https:\/\/zjarr.tv\/en\/wp-json\/wp\/v2\/types\/post"}],"author":[{"embeddable":true,"href":"https:\/\/zjarr.tv\/en\/wp-json\/wp\/v2\/users\/2013"}],"replies":[{"embeddable":true,"href":"https:\/\/zjarr.tv\/en\/wp-json\/wp\/v2\/comments?post=107808"}],"version-history":[{"count":0,"href":"https:\/\/zjarr.tv\/en\/wp-json\/wp\/v2\/posts\/107808\/revisions"}],"wp:featuredmedia":[{"embeddable":true,"href":"https:\/\/zjarr.tv\/en\/wp-json\/wp\/v2\/media\/65486"}],"wp:attachment":[{"href":"https:\/\/zjarr.tv\/en\/wp-json\/wp\/v2\/media?parent=107808"}],"wp:term":[{"taxonomy":"category","embeddable":true,"href":"https:\/\/zjarr.tv\/en\/wp-json\/wp\/v2\/categories?post=107808"},{"taxonomy":"post_tag","embeddable":true,"href":"https:\/\/zjarr.tv\/en\/wp-json\/wp\/v2\/tags?post=107808"}],"curies":[{"name":"wp","href":"https:\/\/api.w.org\/{rel}","templated":true}]}}