{"id":107810,"date":"2019-09-19T15:12:45","date_gmt":"2019-09-19T13:12:45","guid":{"rendered":"https:\/\/zjarr.tv\/?p=107810"},"modified":"2019-09-19T15:12:45","modified_gmt":"2019-09-19T13:12:45","slug":"jep-doreheqjen-drejtoresha-e-arrsh-sonila-qato","status":"publish","type":"post","link":"https:\/\/zjarr.tv\/en\/jep-doreheqjen-drejtoresha-e-arrsh-sonila-qato\/","title":{"rendered":"Jep dor\u00ebheqjen drejtoresha e ARRSH, Sonila Qato"},"content":{"rendered":"<p>jep dor\u00ebheqjen drejtoresha e ARRSH, Sonila Qato.<\/p>\n<div id=\"sovrn\" class=\"desktop_ad ad_bottom_space\"><ins><\/p>\n<div id=\"beacon_d42c480ca4\"><\/div>\n<p><\/ins><\/div>\n<p>Mesazhi:<\/p>\n<p>Pas nj\u00eb periudhe t\u00eb shkurt\u00ebr pune, por shum\u00eb intensive, p\u00ebr t\u00eb reformuar Autoritetin Rrugor Shqiptar dhe p\u00ebr t\u00eb krijuar nj\u00eb model transparence dhe profesionalizmi n\u00eb k\u00ebt\u00eb institucion, vet\u00ebm pak dit\u00eb m\u00eb par\u00eb jam akuzuar nga nj\u00eb kompani lidhur me nj\u00eb procedur\u00eb, t\u00eb cil\u00ebn un\u00eb e gjykoj plot\u00ebsisht t\u00eb drejt\u00eb dhe ligjore.<\/p>\n<p>Kjo situat\u00eb m\u00eb ka vendosur n\u00eb nj\u00eb pozit\u00eb t\u00eb v\u00ebshtir\u00eb n\u00eb raport me detyr\u00ebn. Nga nj\u00ebra an\u00eb m\u00eb duhet t\u00eb p\u00ebrballem me akuzat dhe procesin ligjor q\u00eb shfaqen n\u00eb vorbull\u00ebn e pafundme t\u00eb \u00e7udirave mediatike dhe nga ana tjet\u00ebr duhet t\u00eb administroj pun\u00ebn e p\u00ebrditshme dhe projektet infrastrukturore (pjes\u00eb e k\u00ebsaj pune \u00ebsht\u00eb edhe kompania q\u00eb akuzon).<\/p>\n<p>Jam e keqardhur p\u00ebr gjith\u00eb k\u00ebt\u00eb zhurm\u00eb dhe e l\u00ebnduar nga spekulimet jasht\u00ebzakonisht t\u00eb m\u00ebdha n\u00eb media mbi procedurat e ndjekura n\u00eb respektim t\u00eb ligjit dhe dokumentacionin zyrtar q\u00eb ka t\u00eb b\u00ebj\u00eb me rastin n\u00eb fjal\u00eb. Por jam edhe n\u00eb pamund\u00ebsi normaliteti n\u00eb nj\u00eb pun\u00eb q\u00eb s\u2019ka as orar dhe as dit\u00eb pushimi, sepse k\u00ebrkon angazhim ekstrem mend\u00ebrisht e fizikisht.<\/p>\n<p>Prandaj me mir\u00ebnjohjen e sinqert\u00eb p\u00ebr Kryeministrin e vendit, i cili jo vet\u00ebm m\u00eb besoi k\u00ebt\u00eb detyr\u00eb t\u00eb r\u00ebnd\u00ebsishme, por edhe m\u00eb krijoi kushte t\u00eb pavar\u00ebsis\u00eb s\u00eb plot\u00eb n\u00eb drejtimin e institucionit, ndjeva sot detyrimin moral t\u2019u b\u00ebj me dije dor\u00ebheqjen nga detyra q\u00eb m\u00eb \u00ebsht\u00eb ngarkuar.<\/p>\n<p>Jam e gatshme q\u00eb t\u00eb gjith\u00eb eksperienc\u00ebn, dijen dhe integritetin tim ta v\u00eb n\u00eb dispozicion t\u00eb \u00e7do detyre tjet\u00ebr q\u00eb mund t\u00eb m\u00eb k\u00ebrkohet, por si\u00e7 u mundova ta shpjegoj, e kam t\u00eb pamundur t\u00eb vazhdoj detyr\u00ebn aktuale.<\/p>\n<p>Faleminderit t\u00eb gjith\u00eb bashk\u00ebpun\u00ebtor\u00ebve t\u00eb mi dhe vazhdim t\u00eb mbar\u00eb t\u00eb nj\u00eb pune q\u00eb kemi nisur mir\u00eb s\u00eb bashku!<\/p>\n<div class=\"galery-slider\">\n<ul class=\"slides\">\n<li class=\"flex-slider-item flex-active-slide\"><a href=\"https:\/\/balkanweb.com\/wp-content\/uploads\/2019\/09\/qatooo.jpg\" rel=\"lightbox\"><img decoding=\"async\" draggable=\"false\" src=\"https:\/\/balkanweb.com\/wp-content\/uploads\/2019\/09\/qatooo.jpg\" alt=\"foto galeri \" \/><\/a><\/li>\n<\/ul>\n<\/div>","protected":false},"excerpt":{"rendered":"<p>jep dor\u00ebheqjen drejtoresha e ARRSH, Sonila Qato. Mesazhi: Pas nj\u00eb periudhe t\u00eb shkurt\u00ebr pune, por shum\u00eb intensive, p\u00ebr t\u00eb reformuar Autoritetin Rrugor Shqiptar dhe p\u00ebr t\u00eb krijuar nj\u00eb model transparence dhe profesionalizmi n\u00eb k\u00ebt\u00eb institucion, vet\u00ebm pak dit\u00eb m\u00eb par\u00eb jam akuzuar nga nj\u00eb kompani lidhur me nj\u00eb procedur\u00eb, t\u00eb cil\u00ebn un\u00eb e gjykoj plot\u00ebsisht [&hellip;]<\/p>\n","protected":false},"author":2013,"featured_media":107811,"comment_status":"open","ping_status":"closed","sticky":false,"template":"","format":"standard","meta":{"footnotes":""},"categories":[241,235],"tags":[],"class_list":{"0":"post-107810","1":"post","2":"type-post","3":"status-publish","4":"format-standard","5":"has-post-thumbnail","7":"category-aktualitet","8":"category-vendi"},"_links":{"self":[{"href":"https:\/\/zjarr.tv\/en\/wp-json\/wp\/v2\/posts\/107810","targetHints":{"allow":["GET"]}}],"collection":[{"href":"https:\/\/zjarr.tv\/en\/wp-json\/wp\/v2\/posts"}],"about":[{"href":"https:\/\/zjarr.tv\/en\/wp-json\/wp\/v2\/types\/post"}],"author":[{"embeddable":true,"href":"https:\/\/zjarr.tv\/en\/wp-json\/wp\/v2\/users\/2013"}],"replies":[{"embeddable":true,"href":"https:\/\/zjarr.tv\/en\/wp-json\/wp\/v2\/comments?post=107810"}],"version-history":[{"count":0,"href":"https:\/\/zjarr.tv\/en\/wp-json\/wp\/v2\/posts\/107810\/revisions"}],"wp:featuredmedia":[{"embeddable":true,"href":"https:\/\/zjarr.tv\/en\/wp-json\/wp\/v2\/media\/107811"}],"wp:attachment":[{"href":"https:\/\/zjarr.tv\/en\/wp-json\/wp\/v2\/media?parent=107810"}],"wp:term":[{"taxonomy":"category","embeddable":true,"href":"https:\/\/zjarr.tv\/en\/wp-json\/wp\/v2\/categories?post=107810"},{"taxonomy":"post_tag","embeddable":true,"href":"https:\/\/zjarr.tv\/en\/wp-json\/wp\/v2\/tags?post=107810"}],"curies":[{"name":"wp","href":"https:\/\/api.w.org\/{rel}","templated":true}]}}