{"id":107814,"date":"2019-09-19T15:42:17","date_gmt":"2019-09-19T13:42:17","guid":{"rendered":"https:\/\/zjarr.tv\/?p=107814"},"modified":"2019-09-19T15:42:17","modified_gmt":"2019-09-19T13:42:17","slug":"tahiri-mberrin-te-krimet-e-renda-ne-oren-1600-jepet-vendimi","status":"publish","type":"post","link":"https:\/\/zjarr.tv\/en\/tahiri-mberrin-te-krimet-e-renda-ne-oren-1600-jepet-vendimi\/","title":{"rendered":"Tahiri mb\u00ebrrin te Krimet e R\u00ebnda, n\u00eb or\u00ebn 16:00 jepet vendimi"},"content":{"rendered":"<p><strong>Ora 15:29<\/strong>\u00a0Ish-ministri i Brendsh\u00ebm, Saimir Tahiri, ka mb\u00ebrritur n\u00eb Gjykat\u00ebn e Krimeve t\u00eb R\u00ebnda s\u00eb bashku me avokatin e tij Maks Haxhia, aty ku n\u00eb or\u00ebn 16:00 pritet t\u00eb jepet edhe vendimi p\u00ebr t\u00eb. Trupa gjykuese \u00ebsht\u00eb t\u00ebrhequr p\u00ebr vendim. Prokuroria k\u00ebrkon 12 vjet burg p\u00ebr Tahirin.<\/p>\n<p><strong>Tahiri thumbon Xhaf\u00ebn<\/strong><\/p>\n<p>Para vendimit, ish-ministri ka deklaruar se nuk ka asnj\u00eb prov\u00eb q\u00eb ai t\u00eb d\u00ebnohet. Duke hedhur posht\u00eb p\u00ebrgjimet, Tahiri tha se n\u00eb 23 prill ka qen\u00eb n\u00eb drek\u00eb me Ram\u00ebn. Ish-ministri \u00a0ka deklaruar se n\u00ebse i provohet akuza shkon vet\u00eb n\u00eb burg.<\/p>\n<p>Nuk la pa thumbur Fatmir Xhaf\u00ebn duke i kujtuar v\u00ebllain e akuzuar p\u00ebr trafik droge.<\/p>\n<p><strong>Tahiri:<\/strong>\u00a0<em>Kam 2 vjet q\u00eb jam n\u00ebn hetim, un\u00eb ministri i Brendsh\u00ebm akuzohem se kam trafikuar drog\u00eb. S&#8217;ka asnj\u00eb prov\u00eb. E vetmja prov\u00eb \u00ebsht\u00eb se i kam shitur makin\u00ebn v\u00ebllait t\u00eb Moisi dhe Florjan Habilaj, q\u00eb nuk \u00ebsht\u00eb i p\u00ebrfshir\u00eb n\u00eb asnj\u00eb akuz\u00eb kriminale. Edhe sikur t\u00eb isha v\u00ebllai i Habilajve nuk kisha pse t\u00eb jem fajtor se v\u00ebllez\u00ebrit merren me drog\u00eb. Un\u00eb kam qen\u00eb n\u00eb dreke n\u00eb Dajt me Edi Ram\u00ebn dhe qeverin\u00eb n\u00eb 23 prill dhe jo me Habilajt. Ja ku jan\u00eb titujt e gazetave q\u00eb e kan\u00eb publikuar dhe n\u00eb foto un\u00eb me Ram\u00ebn. P\u00ebr mua \u00ebsht\u00eb jeta ime n\u00eb k\u00ebt\u00eb proces, p\u00ebr ju \u00ebsht\u00eb vet\u00ebm nj\u00eb proces. M\u00eb kan\u00eb v\u00ebne edhe bomba gjat\u00eb pun\u00ebs time. Iki n\u00eb burg vet\u00eb n\u00ebse m\u00eb v\u00ebrtetohen akuzat.<\/em><\/p>\n<p>Nd\u00ebrsa avokati Maks Haxhia tha se m\u00eb at\u00eb dosje, ish-ministri \u00ebsht\u00eb i pafajsh\u00ebm.<\/p>\n<p>&#8220;N<em>uk ka fakt tjet\u00ebr ky proces p\u00ebrve\u00e7se pafaj\u00ebsi me at\u00eb dosje. N\u00ebse kan\u00eb dosje tjet\u00ebr hajde flasim pastaj&#8221;<\/em>, tha Maks Haxhia.<\/p>\n<p><strong>Gjykata ka konstatuar provat e p\u00ebrmendura n\u00eb seanc\u00ebn e kaluar<\/strong><\/p>\n<p>Gjykata ka kontestuar disa nga provat e p\u00ebrmendura n\u00eb seanc\u00ebn e kaluar nga Saimir Tahiri. M\u00eb konkretisht emaili d\u00ebrguar prokurorit Dritan Pren\u00e7i, shkresat e d\u00ebrguara n\u00eb drejtim t\u00eb ish Ministres s\u00eb Mbrojtjes, Mimi Kodheli dhe regjistri i hyrje daljeve n\u00eb Ministrin\u00eb e Brendshme. Sipas gjykat\u00ebs, k\u00ebto nuk jan\u00eb pjes\u00eb e dosjes.<\/p>\n<p>N\u00eb referimin e Saimir Tahirit, ai shprehet se asnj\u00ebr\u00ebn prej tyre nuk e ka depozituar p\u00ebr prov\u00eb, por e ka par\u00eb t\u00eb arsyeshme q\u00eb ti p\u00ebrmend pasi ato tregojn\u00eb p\u00ebr personalitetin e tij.<\/p>\n<p><em>&#8220;Kam kryer detyr\u00ebn si minist\u00ebr i Brendsh\u00ebm dhe nuk kam lidhje me grupin e strukturuar kriminal&#8221;,<\/em>\u00a0\u00ebsht\u00eb shprehur ish-ministri.<\/p>\n<p><strong>Prokuroria k\u00ebrkoi 12 vite burg<\/strong><\/p>\n<p>Ne seanc\u00ebn e dat\u00ebs 10 shtator, Prokuroria k\u00ebrkoi 12 vite burg p\u00ebr Tahirin. Por ish-ministri s\u00eb bashku me ish-drejtori i Policis\u00eb s\u00eb Vlor\u00ebs, Jaled \u00c7ela rrezikojn\u00eb t\u00eb vuajn\u00eb nga 8 vjet burg nga 12 q\u00eb k\u00ebrkoi Prokuroria, n\u00eb nj\u00eb institucion t\u00eb siguris\u00eb s\u00eb zakonshme.<\/p>\n<p>Sipas akuz\u00ebs nga provat dhe p\u00ebrgjimet n\u00eb t\u00ebr\u00ebsi t\u00eb b\u00ebra nga ana e prokuroris\u00eb \u00ebsht\u00eb arritur n\u00eb konkluzionin se ish-ministri i Brendsh\u00ebm u ka siguruar mbrojtje dhe paprekshm\u00ebri grupit t\u00eb trafikant\u00ebve ku b\u00ebnin pjes\u00eb edhe kush\u00ebrinjt\u00eb e tij t\u00eb njohur ndryshe si v\u00ebllez\u00ebrit Habilaj.<\/p>","protected":false},"excerpt":{"rendered":"<p>Ora 15:29\u00a0Ish-ministri i Brendsh\u00ebm, Saimir Tahiri, ka mb\u00ebrritur n\u00eb Gjykat\u00ebn e Krimeve t\u00eb R\u00ebnda s\u00eb bashku me avokatin e tij Maks Haxhia, aty ku n\u00eb or\u00ebn 16:00 pritet t\u00eb jepet edhe vendimi p\u00ebr t\u00eb. Trupa gjykuese \u00ebsht\u00eb t\u00ebrhequr p\u00ebr vendim. Prokuroria k\u00ebrkon 12 vjet burg p\u00ebr Tahirin. Tahiri thumbon Xhaf\u00ebn Para vendimit, ish-ministri ka deklaruar [&hellip;]<\/p>\n","protected":false},"author":2013,"featured_media":0,"comment_status":"open","ping_status":"closed","sticky":false,"template":"","format":"standard","meta":{"footnotes":""},"categories":[241,235],"tags":[],"class_list":{"0":"post-107814","1":"post","2":"type-post","3":"status-publish","4":"format-standard","6":"category-aktualitet","7":"category-vendi"},"_links":{"self":[{"href":"https:\/\/zjarr.tv\/en\/wp-json\/wp\/v2\/posts\/107814","targetHints":{"allow":["GET"]}}],"collection":[{"href":"https:\/\/zjarr.tv\/en\/wp-json\/wp\/v2\/posts"}],"about":[{"href":"https:\/\/zjarr.tv\/en\/wp-json\/wp\/v2\/types\/post"}],"author":[{"embeddable":true,"href":"https:\/\/zjarr.tv\/en\/wp-json\/wp\/v2\/users\/2013"}],"replies":[{"embeddable":true,"href":"https:\/\/zjarr.tv\/en\/wp-json\/wp\/v2\/comments?post=107814"}],"version-history":[{"count":0,"href":"https:\/\/zjarr.tv\/en\/wp-json\/wp\/v2\/posts\/107814\/revisions"}],"wp:attachment":[{"href":"https:\/\/zjarr.tv\/en\/wp-json\/wp\/v2\/media?parent=107814"}],"wp:term":[{"taxonomy":"category","embeddable":true,"href":"https:\/\/zjarr.tv\/en\/wp-json\/wp\/v2\/categories?post=107814"},{"taxonomy":"post_tag","embeddable":true,"href":"https:\/\/zjarr.tv\/en\/wp-json\/wp\/v2\/tags?post=107814"}],"curies":[{"name":"wp","href":"https:\/\/api.w.org\/{rel}","templated":true}]}}