{"id":107822,"date":"2019-09-19T16:16:27","date_gmt":"2019-09-19T14:16:27","guid":{"rendered":"https:\/\/zjarr.tv\/?p=107822"},"modified":"2019-09-19T16:16:27","modified_gmt":"2019-09-19T14:16:27","slug":"kriza-politike-meta-rithekson-nevojen-per-dialog-mes-paleve","status":"publish","type":"post","link":"https:\/\/zjarr.tv\/en\/kriza-politike-meta-rithekson-nevojen-per-dialog-mes-paleve\/","title":{"rendered":"Kriza politike, Meta rithekson nevoj\u00ebn p\u00ebr dialog mes pal\u00ebve"},"content":{"rendered":"<p>Presidenti i Republik\u00ebs s\u00eb Shqip\u00ebris\u00eb, Ilir Meta priti n\u00eb nj\u00eb takim Presidentin e K\u00ebshillit t\u00eb Ambasador\u00ebve Amerikan\u00eb, Timothy A. Chorba, i cili po viziton Shqip\u00ebrin\u00eb me ftes\u00eb t\u00eb K\u00ebshillit t\u00eb Ambasador\u00ebve Shqiptar\u00eb.<\/p>\n<p>Presidenti Meta dhe Ambasadori Chorba biseduan p\u00ebr marr\u00ebdh\u00ebniet midis vendeve tona dhe nevoj\u00ebn q\u00eb SHBA-t\u00eb t\u00eb vazhdojn\u00eb t\u00eb jen\u00eb t\u00eb fokusuara n\u00eb rajon, n\u00eb nj\u00eb koh\u00eb q\u00eb Shqip\u00ebria konsolidon shtetin ligjor dhe rendin kushtetues.<\/p>\n<p>Presidenti Meta shpjegoi situat\u00ebn aktuale politike n\u00eb Shqip\u00ebri, si dhe nevoj\u00ebn e pal\u00ebve p\u00ebr t\u2019u rikthyer n\u00eb dialogun politik p\u00ebr t\u00eb zgjidhur kriz\u00ebn e paprecedent\u00eb q\u00eb ka pllakosur vendin, organizimin e zgjedhjeve gjith\u00ebp\u00ebrfshir\u00ebse t\u00eb lira dhe t\u00eb ndershme, nd\u00ebrsa vendi yn\u00eb po pret me padurim \u00e7eljen e negociatave t\u00eb an\u00ebtar\u00ebsimit n\u00eb Bashkimin Europian.<\/p>\n<p>Ambasadori Chorba e fal\u00ebnderoi Presidentin Meta p\u00ebr pritjen si edhe p\u00ebr mb\u00ebshtetjen q\u00eb po jep p\u00ebr misionin e K\u00ebshillit t\u00eb Ambasador\u00ebve Amerikan\u00eb n\u00eb rajon vitin e ardhsh\u00ebm.<\/p>","protected":false},"excerpt":{"rendered":"<p>Presidenti i Republik\u00ebs s\u00eb Shqip\u00ebris\u00eb, Ilir Meta priti n\u00eb nj\u00eb takim Presidentin e K\u00ebshillit t\u00eb Ambasador\u00ebve Amerikan\u00eb, Timothy A. Chorba, i cili po viziton Shqip\u00ebrin\u00eb me ftes\u00eb t\u00eb K\u00ebshillit t\u00eb Ambasador\u00ebve Shqiptar\u00eb. Presidenti Meta dhe Ambasadori Chorba biseduan p\u00ebr marr\u00ebdh\u00ebniet midis vendeve tona dhe nevoj\u00ebn q\u00eb SHBA-t\u00eb t\u00eb vazhdojn\u00eb t\u00eb jen\u00eb t\u00eb fokusuara n\u00eb rajon, [&hellip;]<\/p>\n","protected":false},"author":2013,"featured_media":107862,"comment_status":"open","ping_status":"closed","sticky":false,"template":"","format":"standard","meta":{"footnotes":""},"categories":[241,235],"tags":[],"class_list":{"0":"post-107822","1":"post","2":"type-post","3":"status-publish","4":"format-standard","5":"has-post-thumbnail","7":"category-aktualitet","8":"category-vendi"},"_links":{"self":[{"href":"https:\/\/zjarr.tv\/en\/wp-json\/wp\/v2\/posts\/107822","targetHints":{"allow":["GET"]}}],"collection":[{"href":"https:\/\/zjarr.tv\/en\/wp-json\/wp\/v2\/posts"}],"about":[{"href":"https:\/\/zjarr.tv\/en\/wp-json\/wp\/v2\/types\/post"}],"author":[{"embeddable":true,"href":"https:\/\/zjarr.tv\/en\/wp-json\/wp\/v2\/users\/2013"}],"replies":[{"embeddable":true,"href":"https:\/\/zjarr.tv\/en\/wp-json\/wp\/v2\/comments?post=107822"}],"version-history":[{"count":0,"href":"https:\/\/zjarr.tv\/en\/wp-json\/wp\/v2\/posts\/107822\/revisions"}],"wp:featuredmedia":[{"embeddable":true,"href":"https:\/\/zjarr.tv\/en\/wp-json\/wp\/v2\/media\/107862"}],"wp:attachment":[{"href":"https:\/\/zjarr.tv\/en\/wp-json\/wp\/v2\/media?parent=107822"}],"wp:term":[{"taxonomy":"category","embeddable":true,"href":"https:\/\/zjarr.tv\/en\/wp-json\/wp\/v2\/categories?post=107822"},{"taxonomy":"post_tag","embeddable":true,"href":"https:\/\/zjarr.tv\/en\/wp-json\/wp\/v2\/tags?post=107822"}],"curies":[{"name":"wp","href":"https:\/\/api.w.org\/{rel}","templated":true}]}}