{"id":107823,"date":"2019-09-19T18:30:21","date_gmt":"2019-09-19T16:30:21","guid":{"rendered":"https:\/\/zjarr.tv\/?p=107823"},"modified":"2019-09-19T15:52:48","modified_gmt":"2019-09-19T13:52:48","slug":"yllka-neziri-shqiptarja-e-pare-ne-asamblene-e-nje-bashkie-ne-norvegji","status":"publish","type":"post","link":"https:\/\/zjarr.tv\/en\/yllka-neziri-shqiptarja-e-pare-ne-asamblene-e-nje-bashkie-ne-norvegji\/","title":{"rendered":"Yllka Neziri, shqiptarja e par\u00eb n\u00eb Asamblen\u00eb e nj\u00eb bashkie n\u00eb Norvegji"},"content":{"rendered":"<p>Yllka Neziri \u00ebsht\u00eb shqiptarja e par\u00eb q\u00eb ka fituar nj\u00eb vend n\u00eb Asamblen\u00eb e Sandefjord n\u00eb Norvegji. N\u00ebna e tre f\u00ebmij\u00ebve \u00ebsht\u00eb e lindur dhe e rritur n\u00eb Gjakov\u00eb, nd\u00ebrsa n\u00eb mosh\u00ebn 18 vje\u00e7are emigroi familjarisht n\u00eb Norvegji.<\/p>\n<p>E lindur dhe e rritur n\u00eb Gjakov\u00eb t\u00eb Kosov\u00ebs, Yllka Neziri ishte 18 vje\u00e7are n\u00eb koh\u00ebn kur nisi lufta n\u00eb Kosov\u00eb dhe bashk\u00eb me familjen migruan n\u00eb Norvegji.<\/p>\n<p>Asnj\u00ebher\u00eb nuk e kishte menduar se do t\u2019i futej politik\u00ebs.<\/p>\n<p>Ajo kishte punuar shum\u00eb duke krijuar atje n\u00eb biznes t\u00eb sajin, si dhe familjen e saj t\u00eb re.<\/p>\n<p>Megjithat\u00eb, n\u00eb vitin 2015 si n\u00ebn\u00eb e tre f\u00ebmij\u00ebve, ajo iu fut politik\u00ebs duke u b\u00ebr\u00eb an\u00ebtare e qendr\u00ebs s\u00eb djatht\u00eb norvegjeze t\u00eb kryeministres Erna Solberg.<\/p>\n<p>Ajo ka fituar n\u00eb zgjedhje e vitit 2015 duke u b\u00ebr\u00eb k\u00ebshtu asamblistja e par\u00eb shqiptare n\u00eb nj\u00eb komun\u00eb n\u00eb Norvegji.<\/p>\n<p>Edhe n\u00eb zgjedhjet e fundit q\u00eb u mbajt\u00ebn m\u00eb 9 shtator Neziri s\u00ebrish ka fituar duke marr\u00eb nj\u00eb mandat t\u00eb dyt\u00eb si asambliste n\u00eb qytetin Sandefjord.<\/p>\n<p>Ajo menj\u00ebher\u00eb pas zgjedhjeve ka vendosur t\u2019i kaloj\u00eb disa dit\u00eb pushime n\u00eb Kosov\u00eb. Por meq\u00eb zgjedhjet n\u00eb Kosov\u00eb jan\u00eb af\u00ebr ajo \u00ebsht\u00eb habitur me faktin q\u00eb n\u00eb Kosov\u00eb vet\u00ebm 30% t\u00eb femrave jan\u00eb n\u00eb lista zgjedhore.<\/p>\n<p>Thot\u00eb se ky diskriminim gjinor nuk ndodh n\u00eb vendin ku ajo jeton.<\/p>\n<p>N\u00eb zgjedhjet e fundit lokale n\u00eb Norvegji Faruk Brahimi ka rritur n\u00eb dy numrin e shqiptar\u00ebve t\u00eb p\u00ebrfaq\u00ebsuar n\u00eb komunat norvegjeze. Ai u zgjodh asamblist n\u00eb qytetin Sandnes.<\/p>","protected":false},"excerpt":{"rendered":"<p>Yllka Neziri \u00ebsht\u00eb shqiptarja e par\u00eb q\u00eb ka fituar nj\u00eb vend n\u00eb Asamblen\u00eb e Sandefjord n\u00eb Norvegji. N\u00ebna e tre f\u00ebmij\u00ebve \u00ebsht\u00eb e lindur dhe e rritur n\u00eb Gjakov\u00eb, nd\u00ebrsa n\u00eb mosh\u00ebn 18 vje\u00e7are emigroi familjarisht n\u00eb Norvegji. E lindur dhe e rritur n\u00eb Gjakov\u00eb t\u00eb Kosov\u00ebs, Yllka Neziri ishte 18 vje\u00e7are n\u00eb koh\u00ebn kur [&hellip;]<\/p>\n","protected":false},"author":2013,"featured_media":107826,"comment_status":"open","ping_status":"closed","sticky":false,"template":"","format":"standard","meta":{"footnotes":""},"categories":[241,2],"tags":[],"class_list":{"0":"post-107823","1":"post","2":"type-post","3":"status-publish","4":"format-standard","5":"has-post-thumbnail","7":"category-aktualitet","8":"category-rajoni"},"_links":{"self":[{"href":"https:\/\/zjarr.tv\/en\/wp-json\/wp\/v2\/posts\/107823","targetHints":{"allow":["GET"]}}],"collection":[{"href":"https:\/\/zjarr.tv\/en\/wp-json\/wp\/v2\/posts"}],"about":[{"href":"https:\/\/zjarr.tv\/en\/wp-json\/wp\/v2\/types\/post"}],"author":[{"embeddable":true,"href":"https:\/\/zjarr.tv\/en\/wp-json\/wp\/v2\/users\/2013"}],"replies":[{"embeddable":true,"href":"https:\/\/zjarr.tv\/en\/wp-json\/wp\/v2\/comments?post=107823"}],"version-history":[{"count":0,"href":"https:\/\/zjarr.tv\/en\/wp-json\/wp\/v2\/posts\/107823\/revisions"}],"wp:featuredmedia":[{"embeddable":true,"href":"https:\/\/zjarr.tv\/en\/wp-json\/wp\/v2\/media\/107826"}],"wp:attachment":[{"href":"https:\/\/zjarr.tv\/en\/wp-json\/wp\/v2\/media?parent=107823"}],"wp:term":[{"taxonomy":"category","embeddable":true,"href":"https:\/\/zjarr.tv\/en\/wp-json\/wp\/v2\/categories?post=107823"},{"taxonomy":"post_tag","embeddable":true,"href":"https:\/\/zjarr.tv\/en\/wp-json\/wp\/v2\/tags?post=107823"}],"curies":[{"name":"wp","href":"https:\/\/api.w.org\/{rel}","templated":true}]}}