{"id":107828,"date":"2019-09-19T18:40:02","date_gmt":"2019-09-19T16:40:02","guid":{"rendered":"https:\/\/zjarr.tv\/?p=107828"},"modified":"2019-09-19T15:53:39","modified_gmt":"2019-09-19T13:53:39","slug":"gjermania-dhuron-500-mije-euro-per-fsk-ne","status":"publish","type":"post","link":"https:\/\/zjarr.tv\/en\/gjermania-dhuron-500-mije-euro-per-fsk-ne\/","title":{"rendered":"Gjermania dhuron 500 mij\u00eb euro p\u00ebr FSK-n\u00eb"},"content":{"rendered":"<p>Sot n\u00eb Ministrin\u00eb e Mbrojtjes, Faruk Geci, ushtrues i detyr\u00ebs s\u00eb Sekretarit t\u00eb P\u00ebrgjithsh\u00ebm t\u00eb Ministris\u00eb s\u00eb Mbrojtjes dhe Christian Heldt, ambasador i Republik\u00ebs Federale t\u00eb Gjermanis\u00eb n\u00ebnshkruan marr\u00ebveshje, me an\u00eb t\u00eb s\u00eb cil\u00ebs Qeveria gjermane ndan nj\u00eb grand me vler\u00eb 500 mij\u00eb eurovep\u00ebr Forc\u00ebn e Siguris\u00eb s\u00eb Kosov\u00ebs, p\u00ebr blerjen e materialeve dhe pajisjeve mjek\u00ebsore.<\/p>\n<p>Me k\u00ebt\u00eb rast, sekretari i p\u00ebrgjithsh\u00ebm Geci ka fal\u00ebnderuar ambasadorin gjerman dhe p\u00ebrmes tij Qeverin\u00eb dhe popullin gjerman p\u00ebr ndarjen e mjeteve financiare p\u00ebr FSK-n\u00eb.<\/p>\n<p>Nga MM thon\u00eb se FSK me fondin e dhuruar nga Qeveria gjermane ka p\u00ebr q\u00ebllim t\u00eb p\u00ebrmir\u00ebsoj\u00eb pajisjet e Qendr\u00ebs Mjek\u00ebsore t\u00eb Forc\u00ebs s\u00eb Siguris\u00eb t\u00eb Kosov\u00ebs, si dhe \u00a0synon t\u00eb siguroj\u00eb materiale dhe pajisje mjek\u00ebsore q\u00eb do t\u00eb ndikojn\u00eb n\u00eb ngritjen e kapaciteteve mjek\u00ebsore dhe sh\u00ebrbimeve mjek\u00ebsore.<\/p>","protected":false},"excerpt":{"rendered":"<p>Sot n\u00eb Ministrin\u00eb e Mbrojtjes, Faruk Geci, ushtrues i detyr\u00ebs s\u00eb Sekretarit t\u00eb P\u00ebrgjithsh\u00ebm t\u00eb Ministris\u00eb s\u00eb Mbrojtjes dhe Christian Heldt, ambasador i Republik\u00ebs Federale t\u00eb Gjermanis\u00eb n\u00ebnshkruan marr\u00ebveshje, me an\u00eb t\u00eb s\u00eb cil\u00ebs Qeveria gjermane ndan nj\u00eb grand me vler\u00eb 500 mij\u00eb eurovep\u00ebr Forc\u00ebn e Siguris\u00eb s\u00eb Kosov\u00ebs, p\u00ebr blerjen e materialeve dhe pajisjeve [&hellip;]<\/p>\n","protected":false},"author":2013,"featured_media":63277,"comment_status":"open","ping_status":"closed","sticky":false,"template":"","format":"standard","meta":{"footnotes":""},"categories":[241,2],"tags":[],"class_list":{"0":"post-107828","1":"post","2":"type-post","3":"status-publish","4":"format-standard","5":"has-post-thumbnail","7":"category-aktualitet","8":"category-rajoni"},"_links":{"self":[{"href":"https:\/\/zjarr.tv\/en\/wp-json\/wp\/v2\/posts\/107828","targetHints":{"allow":["GET"]}}],"collection":[{"href":"https:\/\/zjarr.tv\/en\/wp-json\/wp\/v2\/posts"}],"about":[{"href":"https:\/\/zjarr.tv\/en\/wp-json\/wp\/v2\/types\/post"}],"author":[{"embeddable":true,"href":"https:\/\/zjarr.tv\/en\/wp-json\/wp\/v2\/users\/2013"}],"replies":[{"embeddable":true,"href":"https:\/\/zjarr.tv\/en\/wp-json\/wp\/v2\/comments?post=107828"}],"version-history":[{"count":0,"href":"https:\/\/zjarr.tv\/en\/wp-json\/wp\/v2\/posts\/107828\/revisions"}],"wp:featuredmedia":[{"embeddable":true,"href":"https:\/\/zjarr.tv\/en\/wp-json\/wp\/v2\/media\/63277"}],"wp:attachment":[{"href":"https:\/\/zjarr.tv\/en\/wp-json\/wp\/v2\/media?parent=107828"}],"wp:term":[{"taxonomy":"category","embeddable":true,"href":"https:\/\/zjarr.tv\/en\/wp-json\/wp\/v2\/categories?post=107828"},{"taxonomy":"post_tag","embeddable":true,"href":"https:\/\/zjarr.tv\/en\/wp-json\/wp\/v2\/tags?post=107828"}],"curies":[{"name":"wp","href":"https:\/\/api.w.org\/{rel}","templated":true}]}}