{"id":107836,"date":"2019-09-19T19:10:29","date_gmt":"2019-09-19T17:10:29","guid":{"rendered":"https:\/\/zjarr.tv\/?p=107836"},"modified":"2019-09-19T15:57:56","modified_gmt":"2019-09-19T13:57:56","slug":"afganistan-20-te-vrare-nga-nje-sulm-me-bombe","status":"publish","type":"post","link":"https:\/\/zjarr.tv\/en\/afganistan-20-te-vrare-nga-nje-sulm-me-bombe\/","title":{"rendered":"Afganistan, 20 t\u00eb vrar\u00eb nga nj\u00eb sulm me bomb\u00eb"},"content":{"rendered":"<p>Nj\u00eb makin\u00eb bomb\u00eb shp\u00ebrtheu n\u00eb provinc\u00ebn Zabul t\u00eb Afganistanit, duke vrar\u00eb s\u00eb paku 20 njer\u00ebz dhe plagosur disa t\u00eb tjer\u00eb.<\/p>\n<p>Sulmi, m\u00ebngjesin e s\u00eb enjtes, pati n\u00eb sh\u00ebnjest\u00ebr nj\u00eb nd\u00ebrtes\u00eb t\u00eb sh\u00ebrbimeve t\u00eb inteligjenc\u00ebs n\u00eb qytetin Kalat dhe goditi edhe nj\u00eb spital, tha p\u00ebr Radion Evropa e Lir\u00eb gurvernatori i provinc\u00ebs, Rahmatullah Yarmal.<\/p>\n<p>P\u00ebrgjegj\u00ebsin\u00eb p\u00ebr t\u00eb e mor\u00ebn taliban\u00ebt.<\/p>\n<p>K\u00ebt\u00eb jav\u00eb, taliban\u00ebt kryen edhe dy sulme t\u00eb tjera t\u00eb m\u00ebdha, n\u00eb Kabul dhe \u00c7arikar, duke l\u00ebn\u00eb s\u00eb paku 46 njer\u00ebz t\u00eb vrar\u00eb.<\/p>\n<p>Sulmet ndodhin para zgjedhjeve presidenciale n\u00eb Afganistan, q\u00eb do t\u00eb zhvillohen m\u00eb 28 shtator, dhe disa dit\u00eb pas nd\u00ebrprerjes s\u00eb bisedimeve midis Shteteve t\u00eb Bashkuara dhe taliban\u00ebve, me q\u00ebllim arritjen e nj\u00eb marr\u00ebveshjeje p\u00ebr t\u00ebrheqjen e mij\u00ebra trupave amerikane nga Afganistani.<\/p>\n<p>Bisedimet nuk e kan\u00eb p\u00ebrfshir\u00eb Qeverin\u00eb e Afganistanit.<\/p>\n<p>Sher Mohammad Abbas Stanikzai, kryenegociator i taliban\u00ebve, tha t\u00eb m\u00ebrkur\u00ebn se &#8220;dyert jan\u00eb t\u00eb hapura&#8221; p\u00ebr\u00a0rinisjen e bisedimeve me SHBA-n\u00eb, p\u00ebr t&#8217;i dh\u00ebn\u00eb fund luft\u00ebs 18-vje\u00e7are.<\/p>","protected":false},"excerpt":{"rendered":"<p>Nj\u00eb makin\u00eb bomb\u00eb shp\u00ebrtheu n\u00eb provinc\u00ebn Zabul t\u00eb Afganistanit, duke vrar\u00eb s\u00eb paku 20 njer\u00ebz dhe plagosur disa t\u00eb tjer\u00eb. Sulmi, m\u00ebngjesin e s\u00eb enjtes, pati n\u00eb sh\u00ebnjest\u00ebr nj\u00eb nd\u00ebrtes\u00eb t\u00eb sh\u00ebrbimeve t\u00eb inteligjenc\u00ebs n\u00eb qytetin Kalat dhe goditi edhe nj\u00eb spital, tha p\u00ebr Radion Evropa e Lir\u00eb gurvernatori i provinc\u00ebs, Rahmatullah Yarmal. P\u00ebrgjegj\u00ebsin\u00eb p\u00ebr [&hellip;]<\/p>\n","protected":false},"author":2013,"featured_media":107837,"comment_status":"open","ping_status":"closed","sticky":false,"template":"","format":"standard","meta":{"footnotes":""},"categories":[241,191],"tags":[],"class_list":{"0":"post-107836","1":"post","2":"type-post","3":"status-publish","4":"format-standard","5":"has-post-thumbnail","7":"category-aktualitet","8":"category-bota"},"_links":{"self":[{"href":"https:\/\/zjarr.tv\/en\/wp-json\/wp\/v2\/posts\/107836","targetHints":{"allow":["GET"]}}],"collection":[{"href":"https:\/\/zjarr.tv\/en\/wp-json\/wp\/v2\/posts"}],"about":[{"href":"https:\/\/zjarr.tv\/en\/wp-json\/wp\/v2\/types\/post"}],"author":[{"embeddable":true,"href":"https:\/\/zjarr.tv\/en\/wp-json\/wp\/v2\/users\/2013"}],"replies":[{"embeddable":true,"href":"https:\/\/zjarr.tv\/en\/wp-json\/wp\/v2\/comments?post=107836"}],"version-history":[{"count":0,"href":"https:\/\/zjarr.tv\/en\/wp-json\/wp\/v2\/posts\/107836\/revisions"}],"wp:featuredmedia":[{"embeddable":true,"href":"https:\/\/zjarr.tv\/en\/wp-json\/wp\/v2\/media\/107837"}],"wp:attachment":[{"href":"https:\/\/zjarr.tv\/en\/wp-json\/wp\/v2\/media?parent=107836"}],"wp:term":[{"taxonomy":"category","embeddable":true,"href":"https:\/\/zjarr.tv\/en\/wp-json\/wp\/v2\/categories?post=107836"},{"taxonomy":"post_tag","embeddable":true,"href":"https:\/\/zjarr.tv\/en\/wp-json\/wp\/v2\/tags?post=107836"}],"curies":[{"name":"wp","href":"https:\/\/api.w.org\/{rel}","templated":true}]}}