{"id":107859,"date":"2019-09-19T20:30:01","date_gmt":"2019-09-19T18:30:01","guid":{"rendered":"https:\/\/zjarr.tv\/?p=107859"},"modified":"2019-09-19T16:15:44","modified_gmt":"2019-09-19T14:15:44","slug":"java-e-modes-ne-milano-prada-e-pilotto-prezantojne-koleksionet-pranverore","status":"publish","type":"post","link":"https:\/\/zjarr.tv\/en\/java-e-modes-ne-milano-prada-e-pilotto-prezantojne-koleksionet-pranverore\/","title":{"rendered":"Java e mod\u00ebs n\u00eb milano, Prada e Pilotto prezantojn\u00eb koleksionet pranverore"},"content":{"rendered":"<p>Marka prestigjioze Prada dhe stilisti i famsh\u00ebm Peter Pilotto kan\u00eb \u00e7elur Jav\u00ebn e Mod\u00ebs q\u00eb po mbahet n\u00eb Milano.<\/p>\n<p>Modelet e Pradas prezantuan n\u00eb pasarel\u00eb nj\u00eb koleksion pranveror, p\u00ebr t\u00eb cilin stilistja italiane, Miu\u00e7ia Prada, tha se tregon \u201cfuqin\u00eb e grave mbi veshjen\u201d.<\/p>\n<p><em>&#8220;Jam munduar t\u00eb punoj q\u00eb njeriu t\u00eb jet\u00eb m\u00eb i r\u00ebnd\u00ebsish\u00ebm se rrobat dhe moda,&#8221;-<\/em>u tha Prada gazetar\u00ebve.\u00a0<em>&#8220;\u00cbsht\u00eb m\u00eb shum\u00eb p\u00ebr stilin personal sesa p\u00ebr mod\u00ebn.&#8221;<\/em><\/p>\n<p>Veshjet ishin p\u00ebrgjith\u00ebsisht t\u00eb lehta, p\u00eblhurat me shirita shum\u00ebngjyr\u00ebsh, fustane l\u00ebkure me bel, pallto t\u00eb zeza me butona t\u00eb bardh\u00eb, pantallonat me prerje t\u00eb gjera nga fundi. Nd\u00ebrsa tek sandalet, platformat dhe \u00e7izmet mbizot\u00ebronin ngjyrat ose printimet l\u00ebkur\u00eb gjarpri.<\/p>\n<p>Dyshja e stilist\u00ebve me qend\u00ebr n\u00eb Lond\u00ebr, Peter Pilotto dhe Christopher De Vos soll\u00ebn nj\u00eb koleksion diellor, duke ndezur me shum\u00eb ngjyra pasarel\u00ebn. Spikat\u00ebn edhe veshjet p\u00ebr meshkuj ku mbizot\u00ebronin printimet me lule t\u00eb ndritshme, portokalli, jeshile, boj\u00ebqielli dhe roz\u00eb.<\/p>\n<p><em>\u201cNe duam ta eksplorojm\u00eb nj\u00eb lloj neutral t\u00eb gjinis\u00eb s\u00eb veshjes, q\u00eb n\u00eb var\u00ebsi t\u00eb m\u00ebnyr\u00ebs sesi ajo vishet mund t\u00eb jet\u00eb shum\u00eb mashkullore ose shum\u00eb fem\u00ebrore. Dhe ne mendojm\u00eb se kjo \u00ebsht\u00eb nj\u00eb m\u00ebnyr\u00eb shum\u00eb moderne,&#8221;-<\/em>tha Pilotto.<\/p>\n<p>Java e mod\u00ebs n\u00eb Milano pritet t\u00eb sjell\u00eb me dhjet\u00ebra koleksione t\u00eb stilist\u00ebve me ndikim \u00a0n\u00eb industrin\u00eb e mod\u00ebs, t\u00eb cil\u00ebt p\u00ebrcaktojn\u00eb edhe tendencat p\u00ebr pranver\u00eb-v\u00ebr\u00eb 2020.<\/p>\n<p><img decoding=\"async\" class=\"fr-fic fr-dib\" src=\"https:\/\/www.oranews.tv\/storage\/app\/media\/home\/ora\/public_html\/storage\/app\/media\/2019\/09\/19\/prada2.jpg\" data-result=\"success\" \/><\/p>\n<p><img decoding=\"async\" class=\"fr-fic fr-dib\" src=\"https:\/\/www.oranews.tv\/storage\/app\/media\/home\/ora\/public_html\/storage\/app\/media\/2019\/09\/19\/prada1.jpg\" data-result=\"success\" \/><\/p>\n<p><img decoding=\"async\" class=\"fr-fic fr-dib\" src=\"https:\/\/www.oranews.tv\/storage\/app\/media\/home\/ora\/public_html\/storage\/app\/media\/2019\/09\/19\/prada.jpg\" data-result=\"success\" \/><\/p>","protected":false},"excerpt":{"rendered":"<p>Marka prestigjioze Prada dhe stilisti i famsh\u00ebm Peter Pilotto kan\u00eb \u00e7elur Jav\u00ebn e Mod\u00ebs q\u00eb po mbahet n\u00eb Milano. Modelet e Pradas prezantuan n\u00eb pasarel\u00eb nj\u00eb koleksion pranveror, p\u00ebr t\u00eb cilin stilistja italiane, Miu\u00e7ia Prada, tha se tregon \u201cfuqin\u00eb e grave mbi veshjen\u201d. &#8220;Jam munduar t\u00eb punoj q\u00eb njeriu t\u00eb jet\u00eb m\u00eb i r\u00ebnd\u00ebsish\u00ebm se [&hellip;]<\/p>\n","protected":false},"author":2013,"featured_media":107860,"comment_status":"open","ping_status":"closed","sticky":false,"template":"","format":"standard","meta":{"footnotes":""},"categories":[241,193],"tags":[],"class_list":{"0":"post-107859","1":"post","2":"type-post","3":"status-publish","4":"format-standard","5":"has-post-thumbnail","7":"category-aktualitet","8":"category-showbiz"},"_links":{"self":[{"href":"https:\/\/zjarr.tv\/en\/wp-json\/wp\/v2\/posts\/107859","targetHints":{"allow":["GET"]}}],"collection":[{"href":"https:\/\/zjarr.tv\/en\/wp-json\/wp\/v2\/posts"}],"about":[{"href":"https:\/\/zjarr.tv\/en\/wp-json\/wp\/v2\/types\/post"}],"author":[{"embeddable":true,"href":"https:\/\/zjarr.tv\/en\/wp-json\/wp\/v2\/users\/2013"}],"replies":[{"embeddable":true,"href":"https:\/\/zjarr.tv\/en\/wp-json\/wp\/v2\/comments?post=107859"}],"version-history":[{"count":0,"href":"https:\/\/zjarr.tv\/en\/wp-json\/wp\/v2\/posts\/107859\/revisions"}],"wp:featuredmedia":[{"embeddable":true,"href":"https:\/\/zjarr.tv\/en\/wp-json\/wp\/v2\/media\/107860"}],"wp:attachment":[{"href":"https:\/\/zjarr.tv\/en\/wp-json\/wp\/v2\/media?parent=107859"}],"wp:term":[{"taxonomy":"category","embeddable":true,"href":"https:\/\/zjarr.tv\/en\/wp-json\/wp\/v2\/categories?post=107859"},{"taxonomy":"post_tag","embeddable":true,"href":"https:\/\/zjarr.tv\/en\/wp-json\/wp\/v2\/tags?post=107859"}],"curies":[{"name":"wp","href":"https:\/\/api.w.org\/{rel}","templated":true}]}}