{"id":107864,"date":"2019-09-19T16:17:18","date_gmt":"2019-09-19T14:17:18","guid":{"rendered":"https:\/\/zjarr.tv\/?p=107864"},"modified":"2019-09-19T16:17:18","modified_gmt":"2019-09-19T14:17:18","slug":"qyteti-studenti-tym-e-flake-shkrumbohet-nje-banese-evakuohet-familja","status":"publish","type":"post","link":"https:\/\/zjarr.tv\/en\/qyteti-studenti-tym-e-flake-shkrumbohet-nje-banese-evakuohet-familja\/","title":{"rendered":"Qyteti Studenti, tym e flak\u00eb, shkrumbohet nj\u00eb banes\u00eb, evakuohet familja"},"content":{"rendered":"<p>Nj\u00eb re e madhe tymi ka mbuluar zon\u00ebn e Qytetit Studenti n\u00eb Tiran\u00eb duke krijuar nj\u00eb pamje t\u00eb frikshme gati apokaliptike.<\/p>\n<p>Nj\u00eb banes\u00eb \u00ebsht\u00eb djegur plot\u00ebsisht nga flak\u00ebt q\u00eb p\u00ebr shkak t\u00eb er\u00ebs po p\u00ebrparojn\u00eb me shpejt\u00ebsi duke p\u00ebrfshir\u00eb edhe fush\u00ebn sportive.<\/p>\n<p>Gazetarja Dorjana Bezat raportoi p\u00ebr \u201cBalkanWeb\u201d se forcat zjarrfik\u00ebse ndodhen n\u00eb vend dhe po punojn\u00eb p\u00ebr shuarjen e flak\u00ebve por se kushtet atmosferike e b\u00ebjn\u00eb t\u00eb v\u00ebshtir\u00eb pun\u00ebn e tyre dhe se zjarri po i afrohet nj\u00eb tjet\u00ebr banese. Nj\u00eb familje \u00ebsht\u00eb evakuuar, nd\u00ebrsa njer\u00ebzit kan\u00eb dal\u00eb jasht\u00eb n\u00eb panik.<\/p>","protected":false},"excerpt":{"rendered":"<p>Nj\u00eb re e madhe tymi ka mbuluar zon\u00ebn e Qytetit Studenti n\u00eb Tiran\u00eb duke krijuar nj\u00eb pamje t\u00eb frikshme gati apokaliptike. Nj\u00eb banes\u00eb \u00ebsht\u00eb djegur plot\u00ebsisht nga flak\u00ebt q\u00eb p\u00ebr shkak t\u00eb er\u00ebs po p\u00ebrparojn\u00eb me shpejt\u00ebsi duke p\u00ebrfshir\u00eb edhe fush\u00ebn sportive. Gazetarja Dorjana Bezat raportoi p\u00ebr \u201cBalkanWeb\u201d se forcat zjarrfik\u00ebse ndodhen n\u00eb vend dhe [&hellip;]<\/p>\n","protected":false},"author":2013,"featured_media":107865,"comment_status":"open","ping_status":"closed","sticky":false,"template":"","format":"standard","meta":{"footnotes":""},"categories":[241,235],"tags":[],"class_list":{"0":"post-107864","1":"post","2":"type-post","3":"status-publish","4":"format-standard","5":"has-post-thumbnail","7":"category-aktualitet","8":"category-vendi"},"_links":{"self":[{"href":"https:\/\/zjarr.tv\/en\/wp-json\/wp\/v2\/posts\/107864","targetHints":{"allow":["GET"]}}],"collection":[{"href":"https:\/\/zjarr.tv\/en\/wp-json\/wp\/v2\/posts"}],"about":[{"href":"https:\/\/zjarr.tv\/en\/wp-json\/wp\/v2\/types\/post"}],"author":[{"embeddable":true,"href":"https:\/\/zjarr.tv\/en\/wp-json\/wp\/v2\/users\/2013"}],"replies":[{"embeddable":true,"href":"https:\/\/zjarr.tv\/en\/wp-json\/wp\/v2\/comments?post=107864"}],"version-history":[{"count":0,"href":"https:\/\/zjarr.tv\/en\/wp-json\/wp\/v2\/posts\/107864\/revisions"}],"wp:featuredmedia":[{"embeddable":true,"href":"https:\/\/zjarr.tv\/en\/wp-json\/wp\/v2\/media\/107865"}],"wp:attachment":[{"href":"https:\/\/zjarr.tv\/en\/wp-json\/wp\/v2\/media?parent=107864"}],"wp:term":[{"taxonomy":"category","embeddable":true,"href":"https:\/\/zjarr.tv\/en\/wp-json\/wp\/v2\/categories?post=107864"},{"taxonomy":"post_tag","embeddable":true,"href":"https:\/\/zjarr.tv\/en\/wp-json\/wp\/v2\/tags?post=107864"}],"curies":[{"name":"wp","href":"https:\/\/api.w.org\/{rel}","templated":true}]}}