{"id":107867,"date":"2019-09-19T16:18:56","date_gmt":"2019-09-19T14:18:56","guid":{"rendered":"https:\/\/zjarr.tv\/?p=107867"},"modified":"2019-09-19T16:18:56","modified_gmt":"2019-09-19T14:18:56","slug":"policia-blindon-rinasin-momenti-kur-arber-cekaj-ekstradohet-nga-gjermania","status":"publish","type":"post","link":"https:\/\/zjarr.tv\/en\/policia-blindon-rinasin-momenti-kur-arber-cekaj-ekstradohet-nga-gjermania\/","title":{"rendered":"Policia \u2018blindon\u2019 Rinasin, momenti kur Arb\u00ebr \u00c7ekaj ekstradohet nga Gjermania"},"content":{"rendered":"<p>1 vit e gjysm\u00eb pas arrestimit, \u00ebsht\u00eb ekstraduar n\u00eb Shqip\u00ebri Arb\u00ebr \u00c7ekaj, personi i dyshuar p\u00ebr trafikimin e 613 kg kokaine kolumbiane n\u00eb portin e Durr\u00ebsit. \u00c7ekaj, \u00ebsht\u00eb pronari i kompanis\u00eb \u201cArbri Garden\u201d n\u00eb kontenier\u00ebt me banane t\u00eb s\u00eb cil\u00ebs n\u00eb fund t\u00eb shkurtit t\u00eb vitit 2018 u kap\u00ebn 613 kg kokain\u00eb q\u00eb vinin nga Kolumbia.<\/p>\n<div id=\"sovrn\" class=\"desktop_ad ad_bottom_space\"><ins><\/p>\n<div id=\"beacon_2fae802d5f\"><img loading=\"lazy\" decoding=\"async\" src=\"https:\/\/ads.balkanweb.com\/www\/delivery\/lg.php?bannerid=0&amp;campaignid=0&amp;zoneid=426&amp;loc=https%3A%2F%2Fbalkanweb.com%2Fvideo-policia-blindon-rinasin-momenti-kur-arber-cekaj-ekstradohet-nga-gjermania%2F&amp;referer=https%3A%2F%2Fbalkanweb.com%2Fkategoria%2Fshqiperia%2F&amp;cb=2fae802d5f\" alt=\"\" width=\"0\" height=\"0\" \/><\/div>\n<p><\/ins><\/div>\n<div class=\"galery-slider\">\n<p>&nbsp;<\/p>\n<ul class=\"slides\">\n<li class=\"flex-slider-item\" data-thumb-alt=\"\"><a href=\"https:\/\/balkanweb.com\/wp-content\/uploads\/2019\/09\/WhatsApp-Image-2019-09-19-at-15.54.56-1.jpeg\" rel=\"lightbox\"><img decoding=\"async\" draggable=\"false\" src=\"https:\/\/balkanweb.com\/wp-content\/uploads\/2019\/09\/WhatsApp-Image-2019-09-19-at-15.54.56-1.jpeg\" alt=\"foto galeri \" \/><\/a><\/li>\n<li class=\"flex-slider-item\" data-thumb-alt=\"\"><a href=\"https:\/\/balkanweb.com\/wp-content\/uploads\/2019\/09\/WhatsApp-Image-2019-09-19-at-15.54.58.jpeg\" rel=\"lightbox\"><img decoding=\"async\" draggable=\"false\" src=\"https:\/\/balkanweb.com\/wp-content\/uploads\/2019\/09\/WhatsApp-Image-2019-09-19-at-15.54.58.jpeg\" alt=\"foto galeri \" \/><\/a><\/li>\n<\/ul>\n<\/div>\n<p>n\u00eb kushte t\u00eb larta sigurie, ku Policia blindoi gjith\u00eb aeroportin e Rinasit, p\u00ebr ta d\u00ebrguar m\u00eb pas n\u00eb burgun \u201c313\u201d n\u00eb Tiran\u00eb. Sakaq pritet q\u00eb \u00c7ekaj t\u00eb dal\u00eb para gjykat\u00ebs shqiptare p\u00ebr t\u2019u njohur me vendimin.<\/p>\n<p><strong>Njoftimi i policis\u00eb:<\/strong><\/p>\n<p>Ekstradohet nga Gjermania 39-vje\u00e7ari i dyshuar p\u00ebr trafikim t\u00eb narkotik\u00ebve.<\/p>\n<p>Nga Specialist\u00ebt e Interpol Tirana u krye ekstradimi nga Dyzeldorfi, Gjermani drejt vendit ton\u00eb i shtetasit shqiptar A.\u00c7. (K.), 39 vje\u00e7, banues n\u00eb Tiran\u00eb.<\/p>\n<div id=\"videoad\"><\/div>\n<div id=\"pa_1x1_psbk_1568902699701\"><\/div>\n<p>Ai ishte shpallur nga Gjykata e Shkall\u00ebs s\u00eb Par\u00eb p\u00ebr Krimet e R\u00ebnda, Tiran\u00eb, m\u00eb dat\u00eb 08.03.2018, e cila ka l\u00ebshuar urdh\u00ebr arresti p\u00ebr k\u00ebt\u00eb shtetas p\u00ebr vepr\u00ebn penale \u201cTrafikimi i narkotikeve\u201d kryer n\u00eb bashk\u00ebpunim.<\/p>\n<p><strong>P\u00ebrmbledhje e ngjarjes<\/strong><\/p>\n<p>Shtetasi A.\u00c7. (K.), n\u00eb muajin shkurt 2018 n\u00eb bashk\u00ebpunim me shtetas t\u00eb tjer\u00eb dyshohet t\u00eb ket\u00eb trafikuar nj\u00eb sasi t\u00eb madhe l\u00ebnd\u00eb narkotike, kokain\u00eb, nga Kolumbia drejt Shqip\u00ebris\u00eb.<\/p>\n<p>Si rezultat i bashk\u00ebpunimit t\u00eb Interpol Tiran\u00ebs me Interpol Wiesbaden, Gjermani, u b\u00eb i mundur arrestimi i tij n\u00eb Gjermani, duke u finalizuar me ekstradimin drejt vendit ton\u00eb.<\/p>","protected":false},"excerpt":{"rendered":"<p>1 vit e gjysm\u00eb pas arrestimit, \u00ebsht\u00eb ekstraduar n\u00eb Shqip\u00ebri Arb\u00ebr \u00c7ekaj, personi i dyshuar p\u00ebr trafikimin e 613 kg kokaine kolumbiane n\u00eb portin e Durr\u00ebsit. \u00c7ekaj, \u00ebsht\u00eb pronari i kompanis\u00eb \u201cArbri Garden\u201d n\u00eb kontenier\u00ebt me banane t\u00eb s\u00eb cil\u00ebs n\u00eb fund t\u00eb shkurtit t\u00eb vitit 2018 u kap\u00ebn 613 kg kokain\u00eb q\u00eb vinin nga [&hellip;]<\/p>\n","protected":false},"author":2013,"featured_media":107868,"comment_status":"open","ping_status":"closed","sticky":false,"template":"","format":"standard","meta":{"footnotes":""},"categories":[241,235],"tags":[],"class_list":{"0":"post-107867","1":"post","2":"type-post","3":"status-publish","4":"format-standard","5":"has-post-thumbnail","7":"category-aktualitet","8":"category-vendi"},"_links":{"self":[{"href":"https:\/\/zjarr.tv\/en\/wp-json\/wp\/v2\/posts\/107867","targetHints":{"allow":["GET"]}}],"collection":[{"href":"https:\/\/zjarr.tv\/en\/wp-json\/wp\/v2\/posts"}],"about":[{"href":"https:\/\/zjarr.tv\/en\/wp-json\/wp\/v2\/types\/post"}],"author":[{"embeddable":true,"href":"https:\/\/zjarr.tv\/en\/wp-json\/wp\/v2\/users\/2013"}],"replies":[{"embeddable":true,"href":"https:\/\/zjarr.tv\/en\/wp-json\/wp\/v2\/comments?post=107867"}],"version-history":[{"count":0,"href":"https:\/\/zjarr.tv\/en\/wp-json\/wp\/v2\/posts\/107867\/revisions"}],"wp:featuredmedia":[{"embeddable":true,"href":"https:\/\/zjarr.tv\/en\/wp-json\/wp\/v2\/media\/107868"}],"wp:attachment":[{"href":"https:\/\/zjarr.tv\/en\/wp-json\/wp\/v2\/media?parent=107867"}],"wp:term":[{"taxonomy":"category","embeddable":true,"href":"https:\/\/zjarr.tv\/en\/wp-json\/wp\/v2\/categories?post=107867"},{"taxonomy":"post_tag","embeddable":true,"href":"https:\/\/zjarr.tv\/en\/wp-json\/wp\/v2\/tags?post=107867"}],"curies":[{"name":"wp","href":"https:\/\/api.w.org\/{rel}","templated":true}]}}