{"id":107876,"date":"2019-09-19T21:00:55","date_gmt":"2019-09-19T19:00:55","guid":{"rendered":"https:\/\/zjarr.tv\/?p=107876"},"modified":"2019-09-19T16:22:32","modified_gmt":"2019-09-19T14:22:32","slug":"shba-marina-pranon-se-pamjet-e-ufo-jane-te-verteta","status":"publish","type":"post","link":"https:\/\/zjarr.tv\/en\/shba-marina-pranon-se-pamjet-e-ufo-jane-te-verteta\/","title":{"rendered":"SHBA, Marina pranon se pamjet e UFO jan\u00eb t\u00eb v\u00ebrteta"},"content":{"rendered":"<p>Marina amerikane pranoi p\u00ebr her\u00eb t\u00eb par\u00eb q\u00eb pamjet e objekteve fluturuese t\u00eb paidentifikuara (UFO) q\u00eb p\u00ebrshkojn\u00eb qiellin nd\u00ebrsa u monitoruan nga aeroplan\u00ebt ushtarak\u00eb jan\u00eb v\u00ebrtet nj\u00eb paralajm\u00ebrim, dhe \u00ebsht\u00eb nj\u00eb fenomen q\u00eb ushtria ende nuk mund ta zgjidh\u00eb.<\/p>\n<p>Pamjet e bujshme, t\u00eb cilat u shfaq\u00ebn p\u00ebr her\u00eb t\u00eb par\u00eb n\u00eb mediat bot\u00ebrore n\u00eb dhjetor 2017 \u2013 u regjistruan nga pilot\u00ebt e Marin\u00ebs amerikane.<\/p>\n<p>Nj\u00eb z\u00ebdh\u00ebn\u00ebs i Marin\u00ebs amerikane tha p\u00ebr portalin The Black Vault, i cili merret me zbulimin e sekreteve shtet\u00ebrore, se pamjet ishin v\u00ebrtet autentike, q\u00eb \u00ebsht\u00eb konfirmimi i par\u00eb zyrtar ushtarak q\u00eb jan\u00eb marr\u00eb pamjet UFO, megjith\u00ebse ato tani quhen \u201cnj\u00eb fenomen i identifikuesh\u00ebm\u201d.<\/p>\n<p>\u201cMarina i em\u00ebrton k\u00ebto objekte, t\u00eb cilat mund t\u2019i shihni n\u00eb video, si fenomene ajrore t\u00eb paidentifikuara\u201d, tha Joseph Gradisher, nj\u00eb z\u00ebdh\u00ebn\u00ebs i Departamentit t\u00eb Marin\u00ebs s\u00eb SHBA-s\u00eb.<\/p>\n<p>Gradisher shtoi m\u00eb tej se ne nuk kemi nevoj\u00eb t\u00eb shohim k\u00ebto pamje, pasi Marina nuk i \u201cl\u00ebshoi ato n\u00eb publik\u201d.<\/p>","protected":false},"excerpt":{"rendered":"<p>Marina amerikane pranoi p\u00ebr her\u00eb t\u00eb par\u00eb q\u00eb pamjet e objekteve fluturuese t\u00eb paidentifikuara (UFO) q\u00eb p\u00ebrshkojn\u00eb qiellin nd\u00ebrsa u monitoruan nga aeroplan\u00ebt ushtarak\u00eb jan\u00eb v\u00ebrtet nj\u00eb paralajm\u00ebrim, dhe \u00ebsht\u00eb nj\u00eb fenomen q\u00eb ushtria ende nuk mund ta zgjidh\u00eb. Pamjet e bujshme, t\u00eb cilat u shfaq\u00ebn p\u00ebr her\u00eb t\u00eb par\u00eb n\u00eb mediat bot\u00ebrore n\u00eb dhjetor [&hellip;]<\/p>\n","protected":false},"author":2013,"featured_media":107877,"comment_status":"open","ping_status":"closed","sticky":false,"template":"","format":"standard","meta":{"footnotes":""},"categories":[241,191],"tags":[],"class_list":{"0":"post-107876","1":"post","2":"type-post","3":"status-publish","4":"format-standard","5":"has-post-thumbnail","7":"category-aktualitet","8":"category-bota"},"_links":{"self":[{"href":"https:\/\/zjarr.tv\/en\/wp-json\/wp\/v2\/posts\/107876","targetHints":{"allow":["GET"]}}],"collection":[{"href":"https:\/\/zjarr.tv\/en\/wp-json\/wp\/v2\/posts"}],"about":[{"href":"https:\/\/zjarr.tv\/en\/wp-json\/wp\/v2\/types\/post"}],"author":[{"embeddable":true,"href":"https:\/\/zjarr.tv\/en\/wp-json\/wp\/v2\/users\/2013"}],"replies":[{"embeddable":true,"href":"https:\/\/zjarr.tv\/en\/wp-json\/wp\/v2\/comments?post=107876"}],"version-history":[{"count":0,"href":"https:\/\/zjarr.tv\/en\/wp-json\/wp\/v2\/posts\/107876\/revisions"}],"wp:featuredmedia":[{"embeddable":true,"href":"https:\/\/zjarr.tv\/en\/wp-json\/wp\/v2\/media\/107877"}],"wp:attachment":[{"href":"https:\/\/zjarr.tv\/en\/wp-json\/wp\/v2\/media?parent=107876"}],"wp:term":[{"taxonomy":"category","embeddable":true,"href":"https:\/\/zjarr.tv\/en\/wp-json\/wp\/v2\/categories?post=107876"},{"taxonomy":"post_tag","embeddable":true,"href":"https:\/\/zjarr.tv\/en\/wp-json\/wp\/v2\/tags?post=107876"}],"curies":[{"name":"wp","href":"https:\/\/api.w.org\/{rel}","templated":true}]}}