{"id":107879,"date":"2019-09-19T16:34:50","date_gmt":"2019-09-19T14:34:50","guid":{"rendered":"https:\/\/zjarr.tv\/?p=107879"},"modified":"2019-09-19T16:34:50","modified_gmt":"2019-09-19T14:34:50","slug":"presidenti-i-konfindustrise-se-barit-kerkon-konfirmimin-e-rames-per-administrimin-e-aeroportit-te-vlores","status":"publish","type":"post","link":"https:\/\/zjarr.tv\/en\/presidenti-i-konfindustrise-se-barit-kerkon-konfirmimin-e-rames-per-administrimin-e-aeroportit-te-vlores\/","title":{"rendered":"Presidenti i Konfindustris\u00eb s\u00eb Barit k\u00ebrkon konfirmimin e Ram\u00ebs p\u00ebr administrimin e \u2018aeroportit t\u00eb Vlor\u00ebs\u2019"},"content":{"rendered":"<p>Presidenti i Konfindustris\u00eb s\u00eb Barit dhe i sip\u00ebrmarr\u00ebsve italian\u00eb n\u00eb Shqip\u00ebri, Sergio Fontana ka shfryt\u00ebzuar pranin\u00eb e kryeministrit Edi Rama n\u00eb Forumin nd\u00ebrkomb\u00ebtar \u00a0&#8220;Ekonomia blu e Mesdheut, Mund\u00ebsi zhvillimi e bashk\u00ebpunimi&#8221; n\u00eb panairin Fiera del Levante t\u00eb Barit, p\u00ebr t\u2019i shprehur qartazi interesin p\u00ebr menazhimin e aeroiportit t\u00eb ri t\u00eb Vlor\u00ebs nga Shoq\u00ebria italiane \u2018Aeroporti di Puglia\u2019.<\/p>\n<p><strong>Fontana:<\/strong>\u00a0<em>Deti Adriatik \u00ebsht\u00eb nj\u00eb det q\u00eb na bashkon dy popujt e dy kombe. N\u00ebse i shfryt\u00ebzojm\u00eb n\u00eb m\u00ebnyr\u00ebn m\u00eb pozitive aft\u00ebsit\u00eb tona, e i referohemi mund\u00ebsis\u00eb si aeroporti i Vlor\u00ebs t\u00eb administrohet nga kompania \u201cAeroporti di Puglia\u201d, apo Universitetet tona mund t\u00eb ngrej\u00eb\u00a0seli t\u00eb reja t\u00eb ndara n\u00eb Shqip\u00ebri, jam i sigurt se sinergjia do t\u00eb jet\u00eb forca e sistemit ton\u00eb t\u00eb bashk\u00ebpunimit.\u201d<\/em><\/p>\n<p>P\u00ebrpara prezantimit t\u00eb projektit t\u00eb aeroportit t\u00eb ri nga kryeministri shqiptar t\u00eb h\u00ebn\u00ebn, gazeta &#8220;Corriere della Sera&#8221;, zbuloi se shoq\u00ebria italiane ka paraqitur interesin dhe reagimi i par\u00eb mund t\u00eb vij\u00eb gjat\u00eb panairit &#8220;Fiera del Levante&#8221;.<\/p>\n<p>Qeveria shqiptare i nd\u00ebrpreu negociatat me bashkimin e kompanive turke Cengiz, Kalyon dhe Kolin Construction) p\u00ebr nd\u00ebrtimin dhe menaxhimin e aeroportit, pasi pal\u00ebt nuk ran\u00eb dakord p\u00ebr garancit\u00eb q\u00eb duhet t\u00eb ofronte shteti shqiptar.<\/p>\n<p>Kryeministri, Edi Rama, ka deklaruar se aeroporti i Vlor\u00ebs do t\u00eb jet\u00eb m\u00eb i madh se i Tiran\u00ebs dhe do jet\u00eb shum\u00eb her\u00eb m\u00eb shum\u00eb me standarde se ai i Rinasit, nd\u00ebrsa punimet do t\u00eb nisin n\u00eb pranver\u00ebn e vitit 2020.<\/p>","protected":false},"excerpt":{"rendered":"<p>Presidenti i Konfindustris\u00eb s\u00eb Barit dhe i sip\u00ebrmarr\u00ebsve italian\u00eb n\u00eb Shqip\u00ebri, Sergio Fontana ka shfryt\u00ebzuar pranin\u00eb e kryeministrit Edi Rama n\u00eb Forumin nd\u00ebrkomb\u00ebtar \u00a0&#8220;Ekonomia blu e Mesdheut, Mund\u00ebsi zhvillimi e bashk\u00ebpunimi&#8221; n\u00eb panairin Fiera del Levante t\u00eb Barit, p\u00ebr t\u2019i shprehur qartazi interesin p\u00ebr menazhimin e aeroiportit t\u00eb ri t\u00eb Vlor\u00ebs nga Shoq\u00ebria italiane \u2018Aeroporti [&hellip;]<\/p>\n","protected":false},"author":2013,"featured_media":107891,"comment_status":"open","ping_status":"closed","sticky":false,"template":"","format":"standard","meta":{"footnotes":""},"categories":[241,235],"tags":[],"class_list":{"0":"post-107879","1":"post","2":"type-post","3":"status-publish","4":"format-standard","5":"has-post-thumbnail","7":"category-aktualitet","8":"category-vendi"},"_links":{"self":[{"href":"https:\/\/zjarr.tv\/en\/wp-json\/wp\/v2\/posts\/107879","targetHints":{"allow":["GET"]}}],"collection":[{"href":"https:\/\/zjarr.tv\/en\/wp-json\/wp\/v2\/posts"}],"about":[{"href":"https:\/\/zjarr.tv\/en\/wp-json\/wp\/v2\/types\/post"}],"author":[{"embeddable":true,"href":"https:\/\/zjarr.tv\/en\/wp-json\/wp\/v2\/users\/2013"}],"replies":[{"embeddable":true,"href":"https:\/\/zjarr.tv\/en\/wp-json\/wp\/v2\/comments?post=107879"}],"version-history":[{"count":0,"href":"https:\/\/zjarr.tv\/en\/wp-json\/wp\/v2\/posts\/107879\/revisions"}],"wp:featuredmedia":[{"embeddable":true,"href":"https:\/\/zjarr.tv\/en\/wp-json\/wp\/v2\/media\/107891"}],"wp:attachment":[{"href":"https:\/\/zjarr.tv\/en\/wp-json\/wp\/v2\/media?parent=107879"}],"wp:term":[{"taxonomy":"category","embeddable":true,"href":"https:\/\/zjarr.tv\/en\/wp-json\/wp\/v2\/categories?post=107879"},{"taxonomy":"post_tag","embeddable":true,"href":"https:\/\/zjarr.tv\/en\/wp-json\/wp\/v2\/tags?post=107879"}],"curies":[{"name":"wp","href":"https:\/\/api.w.org\/{rel}","templated":true}]}}