{"id":107888,"date":"2019-09-19T21:40:03","date_gmt":"2019-09-19T19:40:03","guid":{"rendered":"https:\/\/zjarr.tv\/?p=107888"},"modified":"2019-09-19T16:32:44","modified_gmt":"2019-09-19T14:32:44","slug":"ish-ministri-maqedonas-i-denuar-18-vjet-burg-ben-jete-luksi-ne-qeli","status":"publish","type":"post","link":"https:\/\/zjarr.tv\/en\/ish-ministri-maqedonas-i-denuar-18-vjet-burg-ben-jete-luksi-ne-qeli\/","title":{"rendered":"Ish-ministri maqedonas i d\u00ebnuar 18 vjet burg b\u00ebn jet\u00eb luksi n\u00eb qeli"},"content":{"rendered":"<p>Mitko \u00c7avkov, ish drejtor i Byros\u00eb p\u00ebr Siguri Publike, i akuzuar dhe i d\u00ebnuar p\u00ebr rastin e 27 Prillit, aktualisht po vuan dit\u00ebt e burgut n\u00eb Sht\u00ebpin\u00eb Nd\u00ebshkuese Korrektuese n\u00eb Shtip, p\u00ebrcjell in7.<\/p>\n<div id=\"sovrn\" class=\"desktop_ad ad_bottom_space\"><ins><\/p>\n<div id=\"beacon_935a7a6b13\"><img loading=\"lazy\" decoding=\"async\" src=\"https:\/\/ads.balkanweb.com\/www\/delivery\/lg.php?bannerid=0&amp;campaignid=0&amp;zoneid=426&amp;loc=https%3A%2F%2Fbalkanweb.com%2Fish-ministri-maqedonas-i-denuar-me-18-vjet-burg-ben-jete-luksi-ne-qeli%2F&amp;referer=https%3A%2F%2Fbalkanweb.com%2Fkategoria%2Frajoni%2F&amp;cb=935a7a6b13\" alt=\"\" width=\"0\" height=\"0\" \/><\/div>\n<p><\/ins><\/div>\n<p>Por, sipas disa fotografive t\u00eb publikuara nga gazetari, Zoran Bozhinovski, shihet se \u00c7avkovi nuk ia del keq n\u00eb Burgun e Shtipit. N\u00eb fotografi, \u00c7avkovi \u201cshijon burgun\u201d me cigare kubaneze, birra dhe mish me boll\u00ebk.<\/p>\n<div id=\"pa_1x1_psbk_1568903491312\"><\/div>\n<p>Mitko \u00c7avkov, ish drejtor i Byros\u00eb p\u00ebr Siguri Publike, i akuzuar dhe i d\u00ebnuar p\u00ebr rastin e 27 Prillit, aktualisht po vuan dit\u00ebt e burgut n\u00eb Sht\u00ebpin\u00eb Nd\u00ebshkuese Korrektuese n\u00eb Shtip, p\u00ebrcjell in7.<\/p>\n<p>Por, sipas disa fotografive t\u00eb publikuara nga gazetari, Zoran Bozhinovski, shihet se \u00c7avkovi nuk ia del keq n\u00eb Burgun e Shtipit. N\u00eb fotografi, \u00c7avkovi \u201cshijon burgun\u201d me cigare kubaneze, birra dhe mish me boll\u00ebk.<\/p>","protected":false},"excerpt":{"rendered":"<p>Mitko \u00c7avkov, ish drejtor i Byros\u00eb p\u00ebr Siguri Publike, i akuzuar dhe i d\u00ebnuar p\u00ebr rastin e 27 Prillit, aktualisht po vuan dit\u00ebt e burgut n\u00eb Sht\u00ebpin\u00eb Nd\u00ebshkuese Korrektuese n\u00eb Shtip, p\u00ebrcjell in7. Por, sipas disa fotografive t\u00eb publikuara nga gazetari, Zoran Bozhinovski, shihet se \u00c7avkovi nuk ia del keq n\u00eb Burgun e Shtipit. N\u00eb [&hellip;]<\/p>\n","protected":false},"author":2013,"featured_media":107889,"comment_status":"open","ping_status":"closed","sticky":false,"template":"","format":"standard","meta":{"footnotes":""},"categories":[241,2],"tags":[],"class_list":{"0":"post-107888","1":"post","2":"type-post","3":"status-publish","4":"format-standard","5":"has-post-thumbnail","7":"category-aktualitet","8":"category-rajoni"},"_links":{"self":[{"href":"https:\/\/zjarr.tv\/en\/wp-json\/wp\/v2\/posts\/107888","targetHints":{"allow":["GET"]}}],"collection":[{"href":"https:\/\/zjarr.tv\/en\/wp-json\/wp\/v2\/posts"}],"about":[{"href":"https:\/\/zjarr.tv\/en\/wp-json\/wp\/v2\/types\/post"}],"author":[{"embeddable":true,"href":"https:\/\/zjarr.tv\/en\/wp-json\/wp\/v2\/users\/2013"}],"replies":[{"embeddable":true,"href":"https:\/\/zjarr.tv\/en\/wp-json\/wp\/v2\/comments?post=107888"}],"version-history":[{"count":0,"href":"https:\/\/zjarr.tv\/en\/wp-json\/wp\/v2\/posts\/107888\/revisions"}],"wp:featuredmedia":[{"embeddable":true,"href":"https:\/\/zjarr.tv\/en\/wp-json\/wp\/v2\/media\/107889"}],"wp:attachment":[{"href":"https:\/\/zjarr.tv\/en\/wp-json\/wp\/v2\/media?parent=107888"}],"wp:term":[{"taxonomy":"category","embeddable":true,"href":"https:\/\/zjarr.tv\/en\/wp-json\/wp\/v2\/categories?post=107888"},{"taxonomy":"post_tag","embeddable":true,"href":"https:\/\/zjarr.tv\/en\/wp-json\/wp\/v2\/tags?post=107888"}],"curies":[{"name":"wp","href":"https:\/\/api.w.org\/{rel}","templated":true}]}}