{"id":107896,"date":"2019-09-19T22:00:42","date_gmt":"2019-09-19T20:00:42","guid":{"rendered":"https:\/\/zjarr.tv\/?p=107896"},"modified":"2019-09-19T16:38:23","modified_gmt":"2019-09-19T14:38:23","slug":"gjendet-e-mbytur-killerja-e-el-capos-njihej-si-kardashiani-i-karteleve","status":"publish","type":"post","link":"https:\/\/zjarr.tv\/en\/gjendet-e-mbytur-killerja-e-el-capos-njihej-si-kardashiani-i-karteleve\/","title":{"rendered":"Gjendet e mbytur killerja e El \u00c7apos, njihej si \u2018Kardashiani\u2019 i karteleve"},"content":{"rendered":"<p>\u00cbsht\u00eb gjendur e vdekur n\u00eb nj\u00eb shtepi n\u00eb Isla Musala, Meksik\u00eb, vras\u00ebsja me pages\u00eb e El \u00c7apos, ish kreut t\u00eb band\u00ebs s\u00eb Sinaloas, e njohur si \u2018Kim Kardashiani\u2019 i karteleve.<\/p>\n<p>Autoritetet lokale njoftuan se vajza 35-vje\u00e7are \u00ebsht\u00eb gjetur e vdekur n\u00eb sht\u00ebpin\u00eb e t\u00eb dashurit t\u00eb saj, n\u00eb shtetin Sinaloa t\u00eb Meksik\u00ebs.<\/p>\n<p>N\u00eb baz\u00eb t\u00eb analizave mjek\u00ebsore, vdekja ka ndodhur p\u00ebr shkak t\u00eb bllokimit t\u00eb rrug\u00ebve t\u00eb frym\u00ebmarrjes.<\/p>\n<div id=\"rekl-13\">\n<div id=\"__sap-ad-15\" class=\"__sap-ads __sap-html tracked\" data-title=\"Credins desktop 08\"><\/div>\n<\/div>\n<p>N\u00eb trupin saj \u00ebsht\u00eb gjetur nj\u00eb prani e lart\u00eb droge dhe alkooli, ndaj nuk \u00ebsht\u00eb ende e qart\u00eb n\u00ebse fryma i \u00ebsht\u00eb bllokuar aksidentalisht, apo nga mbidoza.<\/p>\n<div class=\"fotogaleri\">\n<div class=\"bx-wrapper\">\n<div class=\"bx-viewport\">\n<ul class=\"read-slider\">\n<li><a href=\"https:\/\/www.syri.net\/uploads\/syri.net\/images\/2019\/September\/18\/TXBktkqTURBXy8xYWUzYjlmYTMxYzdlNGJhZjZjOGEzNjhiMGE3N2ViNC5qcGVnkpUCzQPAAMLDlQIAzQPAwsM1568826083.jpg\" data-lightbox=\"images\"><img decoding=\"async\" src=\"https:\/\/www.syri.net\/uploads\/syri.net\/images\/2019\/September\/18\/auto_TXBktkqTURBXy8xYWUzYjlmYTMxYzdlNGJhZjZjOGEzNjhiMGE3N2ViNC5qcGVnkpUCzQPAAMLDlQIAzQPAwsM1568826083.jpg\" \/><\/a><\/li>\n<\/ul>\n<\/div>\n<\/div>\n<\/div>","protected":false},"excerpt":{"rendered":"<p>\u00cbsht\u00eb gjendur e vdekur n\u00eb nj\u00eb shtepi n\u00eb Isla Musala, Meksik\u00eb, vras\u00ebsja me pages\u00eb e El \u00c7apos, ish kreut t\u00eb band\u00ebs s\u00eb Sinaloas, e njohur si \u2018Kim Kardashiani\u2019 i karteleve. Autoritetet lokale njoftuan se vajza 35-vje\u00e7are \u00ebsht\u00eb gjetur e vdekur n\u00eb sht\u00ebpin\u00eb e t\u00eb dashurit t\u00eb saj, n\u00eb shtetin Sinaloa t\u00eb Meksik\u00ebs. N\u00eb baz\u00eb t\u00eb [&hellip;]<\/p>\n","protected":false},"author":2013,"featured_media":107897,"comment_status":"open","ping_status":"closed","sticky":false,"template":"","format":"standard","meta":{"footnotes":""},"categories":[241,191],"tags":[],"class_list":{"0":"post-107896","1":"post","2":"type-post","3":"status-publish","4":"format-standard","5":"has-post-thumbnail","7":"category-aktualitet","8":"category-bota"},"_links":{"self":[{"href":"https:\/\/zjarr.tv\/en\/wp-json\/wp\/v2\/posts\/107896","targetHints":{"allow":["GET"]}}],"collection":[{"href":"https:\/\/zjarr.tv\/en\/wp-json\/wp\/v2\/posts"}],"about":[{"href":"https:\/\/zjarr.tv\/en\/wp-json\/wp\/v2\/types\/post"}],"author":[{"embeddable":true,"href":"https:\/\/zjarr.tv\/en\/wp-json\/wp\/v2\/users\/2013"}],"replies":[{"embeddable":true,"href":"https:\/\/zjarr.tv\/en\/wp-json\/wp\/v2\/comments?post=107896"}],"version-history":[{"count":0,"href":"https:\/\/zjarr.tv\/en\/wp-json\/wp\/v2\/posts\/107896\/revisions"}],"wp:featuredmedia":[{"embeddable":true,"href":"https:\/\/zjarr.tv\/en\/wp-json\/wp\/v2\/media\/107897"}],"wp:attachment":[{"href":"https:\/\/zjarr.tv\/en\/wp-json\/wp\/v2\/media?parent=107896"}],"wp:term":[{"taxonomy":"category","embeddable":true,"href":"https:\/\/zjarr.tv\/en\/wp-json\/wp\/v2\/categories?post=107896"},{"taxonomy":"post_tag","embeddable":true,"href":"https:\/\/zjarr.tv\/en\/wp-json\/wp\/v2\/tags?post=107896"}],"curies":[{"name":"wp","href":"https:\/\/api.w.org\/{rel}","templated":true}]}}