{"id":107899,"date":"2019-09-19T22:10:35","date_gmt":"2019-09-19T20:10:35","guid":{"rendered":"https:\/\/zjarr.tv\/?p=107899"},"modified":"2019-09-19T16:39:23","modified_gmt":"2019-09-19T14:39:23","slug":"macron-ndyshon-kurs-ashperson-qendrimin-ndaj-emigracionit","status":"publish","type":"post","link":"https:\/\/zjarr.tv\/en\/macron-ndyshon-kurs-ashperson-qendrimin-ndaj-emigracionit\/","title":{"rendered":"Macron ndyshon kurs, ashp\u00ebrson q\u00ebndrimin ndaj emigracionit"},"content":{"rendered":"<p>Presidenti francez Emmanuel Macron po i thot\u00eb partis\u00eb s\u00eb tij t\u00eb qendr\u00ebs, se duhet t\u00eb ndryshoj\u00eb q\u00ebndrimin e saj &#8220;borgjez&#8221; ndaj imigracionit dhe t\u00eb b\u00ebj\u00eb dallimin mes azilk\u00ebrkuesve q\u00eb largohen si pasoj\u00eb e luftimeve dhe emigrant\u00ebve ekonomik\u00eb.<\/p>\n<p>P\u00ebrndryshe, shtoi zoti Macron, q\u00ebndrimi i tanish\u00ebm do t&#8217;i shtyj\u00eb votuesit n\u00eb krah\u00ebt e populist\u00ebve t\u00eb ekstremit t\u00eb djatht\u00eb, sipas VOA.<\/p>\n<p>Paralajm\u00ebrimi i tij vjen pas treguesve n\u00eb rritje se periferia e Evrop\u00ebs jug-lindore, s\u00eb shpejti mund t\u00eb p\u00ebrballet me nj\u00eb val\u00eb t\u00eb re t\u00eb azilk\u00ebrkuesve, duke ngjallur frik\u00ebn se kontinenti mund t\u00eb jet\u00eb n\u00eb prag t\u00eb nj\u00eb krize t\u00eb re emigracioni, q\u00eb mund t\u00eb trazoj\u00eb edhe m\u00eb tej politik\u00ebn evropiane dhe mund t\u00eb rris\u00eb mb\u00ebshtetjen p\u00ebr populist\u00ebt e ekstremit t\u00eb djatht\u00eb.<\/p>\n<div id=\"rekl-13\">\n<div id=\"__sap-ad-15\" class=\"__sap-ads __sap-html tracked\" data-title=\"Credins desktop 08\"><ins><\/p>\n<div id=\"beacon_a5b1b718b5\"><img loading=\"lazy\" decoding=\"async\" src=\"https:\/\/ads1.medium.al\/www\/delivery\/lg.php?bannerid=373&amp;campaignid=48&amp;zoneid=182&amp;loc=https%3A%2F%2Fwww.syri.net%2Fbote%2F281379%2Fmacron-ndyshon-kurs-ashperson-qendrimin-ndaj-emigracionit%2F&amp;referer=https%3A%2F%2Fwww.syri.net%2Fbote%2F&amp;cb=a5b1b718b5\" alt=\"\" width=\"0\" height=\"0\" \/><\/div>\n<p><\/ins><\/div>\n<\/div>\n<p>N\u00eb jav\u00ebt e kaluara, ka pasur nj\u00eb rritje t\u00eb papritur t\u00eb numrit t\u00eb refugjat\u00ebve q\u00eb po b\u00ebjn\u00eb udh\u00ebtime t\u00eb rrezikshme detare nga Turqia n\u00eb Greqi, duke mbipopulluar kampet tashm\u00eb t\u00eb mbushura t\u00eb refugjat\u00ebve n\u00eb ishujt grek\u00eb t\u00eb Lesbos dhe Samos.<\/p>\n<p>Duke biseduar t\u00eb h\u00ebn\u00ebn me ligjv\u00ebn\u00ebsit nga partia e tij n\u00eb pushtet, La R\u00e9publique en Marche, presidenti francez tha: &#8220;Pyetja \u00ebsht\u00eb a duam t\u00eb jemi nj\u00eb parti borgjeze apo jo? Borgjezia nuk ka asnj\u00eb problem me [imigrimin]. Ata kurr\u00eb nuk e hasin at\u00eb. Shtresa pun\u00ebtore e p\u00ebrjeton at\u00eb.\u201d Ai shtoi: \u201cE majta nuk ka dashur ta shqyrtonte k\u00ebt\u00eb problem p\u00ebr dekada. Shtresa pun\u00ebtore rrjedhimisht \u00ebsht\u00eb zhvendosur tani n\u00eb t\u00eb djatht\u00ebn ekstreme.&#8221;<\/p>\n<p>Zyrtar\u00ebt francez\u00eb shqet\u00ebsohen se Franca mund t\u00eb ket\u00eb nj\u00eb rritje t\u00eb m\u00ebtejshme t\u00eb azilk\u00ebrkuesve p\u00ebr shkak t\u00eb forcimit t\u00eb politikave t\u00eb pranimit dhe rivendosjes nga Gjermania fqinje. M\u00eb shum\u00eb se nj\u00eb e kat\u00ebrta e nj\u00eb milion emigrant\u00ebve mor\u00ebn leje q\u00ebndrimi n\u00eb Franc\u00eb vitin e kaluar, nj\u00eb rritje me gati 4 p\u00ebr qind krahasuar me vitin 2017. 123,625 refugjat\u00eb t\u00eb tjer\u00eb b\u00ebn\u00eb k\u00ebrkesa p\u00ebr azil, nj\u00eb rritje prej 22.7 p\u00ebr qind n\u00eb krahasim me vitin 2017.<\/p>\n<p>Nj\u00eb sondazh i gazet\u00ebs Le Monde zbuloi se 64 p\u00ebr qind e t\u00eb anketuarve thon\u00eb se nuk ndjehen m\u00eb n\u00eb sht\u00ebpi n\u00eb vendin e tyre. Macron thuhet se \u00ebsht\u00eb irrituar ve\u00e7an\u00ebrisht me nj\u00eb rritje t\u00eb k\u00ebrkesave p\u00ebr azil nga shqiptar\u00ebt dhe gjeorgjian\u00ebt, emigrant\u00eb ekonomik\u00eb n\u00eb k\u00ebrkim t\u00eb nj\u00eb jete m\u00eb t\u00eb mir\u00eb.<\/p>\n<p>Qeveria franceze po p\u00ebrgatit disa masa p\u00ebr t\u00eb parandaluar azilk\u00ebrkuesit, p\u00ebrfshir\u00eb nj\u00eb mas\u00eb p\u00ebr shkurtimin me 25 p\u00ebr qind t\u00eb ndihm\u00ebs sociale p\u00ebr emigrant\u00ebt q\u00eb jan\u00eb n\u00eb pritje t\u00eb shqyrtimit t\u00eb k\u00ebrkesave t\u00eb tyre p\u00ebr azil.<\/p>\n<p>Kritik\u00ebt e krahut t\u00eb majt\u00eb kund\u00ebrshtuan Macron-in, duke e akuzuar at\u00eb p\u00ebr marrjen e nj\u00eb pozicioni t\u00eb ekstremit t\u00eb krahut t\u00eb djatht\u00eb p\u00ebr \u00e7\u00ebshtjen e imigracionit.<\/p>\n<p>Beteja politike n\u00eb Franc\u00eb mbi emigracionin p\u00ebrkon me shenja se Evropa mund t\u00eb p\u00ebrballet me nj\u00eb val\u00eb tjet\u00ebr emigrant\u00ebsh nga Lindja e Mesme, duke p\u00ebrkeq\u00ebsuar edhe n\u00eb tej kushtet e mjerueshme t\u00eb azilk\u00ebrkuesve, kryesisht nga Siria, Afganistani dhe Iraku, t\u00eb bllokuar n\u00eb ishujt grek\u00eb n\u00eb Detin Egje.<\/p>\n","protected":false},"excerpt":{"rendered":"<p>Presidenti francez Emmanuel Macron po i thot\u00eb partis\u00eb s\u00eb tij t\u00eb qendr\u00ebs, se duhet t\u00eb ndryshoj\u00eb q\u00ebndrimin e saj &#8220;borgjez&#8221; ndaj imigracionit dhe t\u00eb b\u00ebj\u00eb dallimin mes azilk\u00ebrkuesve q\u00eb largohen si pasoj\u00eb e luftimeve dhe emigrant\u00ebve ekonomik\u00eb. P\u00ebrndryshe, shtoi zoti Macron, q\u00ebndrimi i tanish\u00ebm do t&#8217;i shtyj\u00eb votuesit n\u00eb krah\u00ebt e populist\u00ebve t\u00eb ekstremit t\u00eb [&hellip;]<\/p>\n","protected":false},"author":2013,"featured_media":69441,"comment_status":"open","ping_status":"closed","sticky":false,"template":"","format":"standard","meta":{"footnotes":""},"categories":[241,191],"tags":[],"class_list":{"0":"post-107899","1":"post","2":"type-post","3":"status-publish","4":"format-standard","5":"has-post-thumbnail","7":"category-aktualitet","8":"category-bota"},"_links":{"self":[{"href":"https:\/\/zjarr.tv\/en\/wp-json\/wp\/v2\/posts\/107899","targetHints":{"allow":["GET"]}}],"collection":[{"href":"https:\/\/zjarr.tv\/en\/wp-json\/wp\/v2\/posts"}],"about":[{"href":"https:\/\/zjarr.tv\/en\/wp-json\/wp\/v2\/types\/post"}],"author":[{"embeddable":true,"href":"https:\/\/zjarr.tv\/en\/wp-json\/wp\/v2\/users\/2013"}],"replies":[{"embeddable":true,"href":"https:\/\/zjarr.tv\/en\/wp-json\/wp\/v2\/comments?post=107899"}],"version-history":[{"count":0,"href":"https:\/\/zjarr.tv\/en\/wp-json\/wp\/v2\/posts\/107899\/revisions"}],"wp:featuredmedia":[{"embeddable":true,"href":"https:\/\/zjarr.tv\/en\/wp-json\/wp\/v2\/media\/69441"}],"wp:attachment":[{"href":"https:\/\/zjarr.tv\/en\/wp-json\/wp\/v2\/media?parent=107899"}],"wp:term":[{"taxonomy":"category","embeddable":true,"href":"https:\/\/zjarr.tv\/en\/wp-json\/wp\/v2\/categories?post=107899"},{"taxonomy":"post_tag","embeddable":true,"href":"https:\/\/zjarr.tv\/en\/wp-json\/wp\/v2\/tags?post=107899"}],"curies":[{"name":"wp","href":"https:\/\/api.w.org\/{rel}","templated":true}]}}