{"id":107904,"date":"2019-09-19T16:43:42","date_gmt":"2019-09-19T14:43:42","guid":{"rendered":"https:\/\/zjarr.tv\/?p=107904"},"modified":"2019-09-19T16:43:42","modified_gmt":"2019-09-19T14:43:42","slug":"video-skandali-me-pedagogun-shtrohet-me-urgjence-ne-spital-denis-himci-peson-goditje-ne-zemer","status":"publish","type":"post","link":"https:\/\/zjarr.tv\/en\/video-skandali-me-pedagogun-shtrohet-me-urgjence-ne-spital-denis-himci-peson-goditje-ne-zemer\/","title":{"rendered":"Video-skandali me pedagogun\/ Shtrohet me urgjenc\u00eb n\u00eb spital Denis Him\u00e7i, p\u00ebson goditje n\u00eb zem\u00ebr"},"content":{"rendered":"<p>Pedagogu q\u00eb u shfaq n\u00eb video-skandalin e transmetuar n\u00eb emisionin Stop \u00ebsht\u00eb shtruar me urgjenc\u00eb n\u00eb pavionin e kardiologjis\u00eb n\u00eb QSUT.<\/p>\n<p>Faxweb.al ka m\u00ebsuar se pas arrestimit, pedagogu Denis Him\u00e7i, ka patur shqet\u00ebsime n\u00eb zem\u00ebr dhe \u00ebsht\u00eb d\u00ebrguar n\u00eb spital me urgjenc\u00eb.<\/p>\n<p>Dyshimet jan\u00eb se shkak i s\u00ebmundjes ka qen\u00eb tensioni i lart\u00eb arterial q\u00eb mund t\u00eb ket\u00eb pasur pedagogu.<\/p>\n<p>Him\u00e7i u shfaq n\u00eb videon e transmetuar duke i premtuar nj\u00eb studenteje, q\u00eb kishte ngelur n\u00eb disa provime, se do t\u2019a ndihmonte t\u00eb kalonte, por i k\u00ebrkonte favore seksuale n\u00eb shk\u00ebmbim t\u00eb ndihm\u00ebs.<\/p>","protected":false},"excerpt":{"rendered":"<p>Pedagogu q\u00eb u shfaq n\u00eb video-skandalin e transmetuar n\u00eb emisionin Stop \u00ebsht\u00eb shtruar me urgjenc\u00eb n\u00eb pavionin e kardiologjis\u00eb n\u00eb QSUT. Faxweb.al ka m\u00ebsuar se pas arrestimit, pedagogu Denis Him\u00e7i, ka patur shqet\u00ebsime n\u00eb zem\u00ebr dhe \u00ebsht\u00eb d\u00ebrguar n\u00eb spital me urgjenc\u00eb. Dyshimet jan\u00eb se shkak i s\u00ebmundjes ka qen\u00eb tensioni i lart\u00eb arterial q\u00eb [&hellip;]<\/p>\n","protected":false},"author":2013,"featured_media":107906,"comment_status":"open","ping_status":"closed","sticky":false,"template":"","format":"standard","meta":{"footnotes":""},"categories":[241,235],"tags":[],"class_list":{"0":"post-107904","1":"post","2":"type-post","3":"status-publish","4":"format-standard","5":"has-post-thumbnail","7":"category-aktualitet","8":"category-vendi"},"_links":{"self":[{"href":"https:\/\/zjarr.tv\/en\/wp-json\/wp\/v2\/posts\/107904","targetHints":{"allow":["GET"]}}],"collection":[{"href":"https:\/\/zjarr.tv\/en\/wp-json\/wp\/v2\/posts"}],"about":[{"href":"https:\/\/zjarr.tv\/en\/wp-json\/wp\/v2\/types\/post"}],"author":[{"embeddable":true,"href":"https:\/\/zjarr.tv\/en\/wp-json\/wp\/v2\/users\/2013"}],"replies":[{"embeddable":true,"href":"https:\/\/zjarr.tv\/en\/wp-json\/wp\/v2\/comments?post=107904"}],"version-history":[{"count":0,"href":"https:\/\/zjarr.tv\/en\/wp-json\/wp\/v2\/posts\/107904\/revisions"}],"wp:featuredmedia":[{"embeddable":true,"href":"https:\/\/zjarr.tv\/en\/wp-json\/wp\/v2\/media\/107906"}],"wp:attachment":[{"href":"https:\/\/zjarr.tv\/en\/wp-json\/wp\/v2\/media?parent=107904"}],"wp:term":[{"taxonomy":"category","embeddable":true,"href":"https:\/\/zjarr.tv\/en\/wp-json\/wp\/v2\/categories?post=107904"},{"taxonomy":"post_tag","embeddable":true,"href":"https:\/\/zjarr.tv\/en\/wp-json\/wp\/v2\/tags?post=107904"}],"curies":[{"name":"wp","href":"https:\/\/api.w.org\/{rel}","templated":true}]}}