{"id":107907,"date":"2019-09-19T18:03:51","date_gmt":"2019-09-19T16:03:51","guid":{"rendered":"https:\/\/zjarr.tv\/?p=107907"},"modified":"2019-09-19T18:03:51","modified_gmt":"2019-09-19T16:03:51","slug":"edi-rama-ne-bari-me-italine-na-lidh-miqesia-presim-bashkepunim-ne-turizem","status":"publish","type":"post","link":"https:\/\/zjarr.tv\/en\/edi-rama-ne-bari-me-italine-na-lidh-miqesia-presim-bashkepunim-ne-turizem\/","title":{"rendered":"Edi Rama n\u00eb Bari: Me Italin\u00eb na lidh miq\u00ebsia, presim bashk\u00ebpunim n\u00eb turiz\u00ebm"},"content":{"rendered":"<p>Kryeministri Edi Rama ka zhvilluar nj\u00eb vizit\u00eb zyrtare n\u00eb Bari dhe nga rajoni i Pulias, deklaroi se Shqip\u00ebria dhe Italia kan\u00eb nj\u00eb miq\u00ebsi t\u00eb madhe me nj\u00ebra \u2013 tjetr\u00ebn.<\/p>\n<div id=\"sovrn\" class=\"desktop_ad ad_bottom_space\"><ins><\/p>\n<div id=\"beacon_ea08798c3a\"><\/div>\n<p><\/ins><\/div>\n<p>Rama ka theksuar se Shqip\u00ebria d\u00ebshiron t\u00eb bashk\u00ebpunoj\u00eb me Italin\u00eb, pret investitor\u00ebt italian\u00eb, nd\u00ebrsa theksoi se vendi yn\u00eb sheh si prioritetet edhe turizmin. Kreu i qeveris\u00eb shqiptare tha se turist\u00ebt n\u00eb Shqip\u00ebri sa vjen e rritet dhe se beson se bashk\u00ebpunimi dypal\u00ebsh do t\u00eb jap\u00eb rezultate poozitive.<\/p>\n<p>\u201cPadyshim q\u00eb Pulia sot \u00ebsht\u00eb tjet\u00ebr, ka ndryshuar rr\u00ebnj\u00ebsisht nd\u00ebr vite. Nuk ka dyshim q\u00eb mund t\u00eb b\u00ebjm\u00eb shum\u00eb gj\u00ebra bashk\u00eb. Mund t\u00eb b\u00ebjm\u00eb shum\u00eb bashk\u00eb p\u00ebr shkak t\u00eb miq\u00ebsis\u00eb shqiptaro-italiane, por edhe interesat q\u00eb na lidhin. Ne duam q\u00eb t\u00eb bashk\u00ebpunojm\u00eb p\u00ebr projekte t\u00eb p\u00ebrbashk\u00ebta. Ne ishim t\u00eb izoluar dhe askush nuk shkonte dot as 100 metra larg. Por sot \u00ebsht\u00eb ndryshe, un\u00eb besoj te ekonomia blu.<\/p>\n<p>Sot duhet t\u00eb bashk\u00ebpunojm\u00eb sidomos n\u00eb fush\u00ebn e turizmit. Sigurisht duke p\u00ebrfituar nga fakti se Pulia sot \u00ebsht\u00eb nj\u00eb rajon dhe destinacion tep\u00ebr i preferuar. Mund t\u00eb them se Shqip\u00ebria po njeh rritje t\u00eb numrit t\u00eb turist\u00ebve dhe turizmi te ne ka ndryshuar p\u00ebr mir\u00eb me ritme t\u00eb shpejta. Turist\u00ebt n\u00eb Shqip\u00ebri po shtohen nga dita n\u00eb dit\u00eb dhe ne duhet q\u00eb t\u00eb plot\u00ebsojm\u00eb kushte p\u00ebr t\u2019i pritur k\u00ebto turist\u00eb. Edhe t\u00eb investosh n\u00eb agro-turiz\u00ebm \u00ebsht\u00eb thuajse e nj\u00ebjta gj\u00eb, ka nj\u00eb taks\u00eb te ne vet\u00ebm 5 ose 6 p\u00ebrqind. Taksat tona jan\u00eb t\u00eb ul\u00ebta dhe ne kemi respekt p\u00ebr sh\u00ebndet\u00ebsin\u00eb italiane, p\u00ebr nd\u00ebrveprimin n\u00eb \u00e7do fush\u00eb t\u00eb biznesit. Sot jemi shum\u00eb af\u00ebr dhe bashk\u00ebpunimi na \u00e7on n\u00eb zhvillim t\u00eb m\u00ebtejsh\u00ebm\u201d, tha Rama.<\/p>","protected":false},"excerpt":{"rendered":"<p>Kryeministri Edi Rama ka zhvilluar nj\u00eb vizit\u00eb zyrtare n\u00eb Bari dhe nga rajoni i Pulias, deklaroi se Shqip\u00ebria dhe Italia kan\u00eb nj\u00eb miq\u00ebsi t\u00eb madhe me nj\u00ebra \u2013 tjetr\u00ebn. Rama ka theksuar se Shqip\u00ebria d\u00ebshiron t\u00eb bashk\u00ebpunoj\u00eb me Italin\u00eb, pret investitor\u00ebt italian\u00eb, nd\u00ebrsa theksoi se vendi yn\u00eb sheh si prioritetet edhe turizmin. Kreu i qeveris\u00eb [&hellip;]<\/p>\n","protected":false},"author":2013,"featured_media":102526,"comment_status":"open","ping_status":"closed","sticky":false,"template":"","format":"standard","meta":{"footnotes":""},"categories":[241,235],"tags":[],"class_list":{"0":"post-107907","1":"post","2":"type-post","3":"status-publish","4":"format-standard","5":"has-post-thumbnail","7":"category-aktualitet","8":"category-vendi"},"_links":{"self":[{"href":"https:\/\/zjarr.tv\/en\/wp-json\/wp\/v2\/posts\/107907","targetHints":{"allow":["GET"]}}],"collection":[{"href":"https:\/\/zjarr.tv\/en\/wp-json\/wp\/v2\/posts"}],"about":[{"href":"https:\/\/zjarr.tv\/en\/wp-json\/wp\/v2\/types\/post"}],"author":[{"embeddable":true,"href":"https:\/\/zjarr.tv\/en\/wp-json\/wp\/v2\/users\/2013"}],"replies":[{"embeddable":true,"href":"https:\/\/zjarr.tv\/en\/wp-json\/wp\/v2\/comments?post=107907"}],"version-history":[{"count":0,"href":"https:\/\/zjarr.tv\/en\/wp-json\/wp\/v2\/posts\/107907\/revisions"}],"wp:featuredmedia":[{"embeddable":true,"href":"https:\/\/zjarr.tv\/en\/wp-json\/wp\/v2\/media\/102526"}],"wp:attachment":[{"href":"https:\/\/zjarr.tv\/en\/wp-json\/wp\/v2\/media?parent=107907"}],"wp:term":[{"taxonomy":"category","embeddable":true,"href":"https:\/\/zjarr.tv\/en\/wp-json\/wp\/v2\/categories?post=107907"},{"taxonomy":"post_tag","embeddable":true,"href":"https:\/\/zjarr.tv\/en\/wp-json\/wp\/v2\/tags?post=107907"}],"curies":[{"name":"wp","href":"https:\/\/api.w.org\/{rel}","templated":true}]}}