{"id":107909,"date":"2019-09-19T18:04:34","date_gmt":"2019-09-19T16:04:34","guid":{"rendered":"https:\/\/zjarr.tv\/?p=107909"},"modified":"2019-09-19T18:04:34","modified_gmt":"2019-09-19T16:04:34","slug":"kapshtice-kapen-21-refugjate-ne-fshatrat-kufitare-13-prej-tyre-anetare-te-nje-familje","status":"publish","type":"post","link":"https:\/\/zjarr.tv\/en\/kapshtice-kapen-21-refugjate-ne-fshatrat-kufitare-13-prej-tyre-anetare-te-nje-familje\/","title":{"rendered":"Kapshtic\u00eb, kapen 21 refugjat\u00eb n\u00eb fshatrat kufitar\u00eb, 13 prej tyre an\u00ebtare t\u00eb nj\u00eb familje"},"content":{"rendered":"<p>N\u00eb Kapshitc\u00eb, \u00ebsht\u00eb rritur numri i hyrjes s\u00eb emigrant\u00ebve t\u00eb paligjsh\u00ebm n\u00eb kufirin e gjelb\u00ebr.<\/p>\n<div id=\"pa_1x1_psbk_1568909051420\"><\/div>\n<p>Tremb\u00ebdhjet\u00eb prej refugjat\u00ebve t\u00eb kapur jan\u00eb an\u00ebtar\u00eb t\u00eb s\u00eb nj\u00ebjt\u00ebs familje. Refugjat\u00ebt jan\u00eb maroken\u00eb, sirian\u00eb dhe irakian.<\/p>\n<p>Gjat\u00eb muajit shtator ka pasur dyndje t\u00eb hyrjes s\u00eb refugjat\u00ebve, kryesisht n\u00eb dy fshatrat kufitar\u00eb ,Trestenik dhe Vernik.<\/p>","protected":false},"excerpt":{"rendered":"<p>N\u00eb Kapshitc\u00eb, \u00ebsht\u00eb rritur numri i hyrjes s\u00eb emigrant\u00ebve t\u00eb paligjsh\u00ebm n\u00eb kufirin e gjelb\u00ebr. Tremb\u00ebdhjet\u00eb prej refugjat\u00ebve t\u00eb kapur jan\u00eb an\u00ebtar\u00eb t\u00eb s\u00eb nj\u00ebjt\u00ebs familje. Refugjat\u00ebt jan\u00eb maroken\u00eb, sirian\u00eb dhe irakian. Gjat\u00eb muajit shtator ka pasur dyndje t\u00eb hyrjes s\u00eb refugjat\u00ebve, kryesisht n\u00eb dy fshatrat kufitar\u00eb ,Trestenik dhe Vernik.<\/p>","protected":false},"author":2013,"featured_media":107911,"comment_status":"open","ping_status":"closed","sticky":false,"template":"","format":"standard","meta":{"footnotes":""},"categories":[241,235],"tags":[],"class_list":{"0":"post-107909","1":"post","2":"type-post","3":"status-publish","4":"format-standard","5":"has-post-thumbnail","7":"category-aktualitet","8":"category-vendi"},"_links":{"self":[{"href":"https:\/\/zjarr.tv\/en\/wp-json\/wp\/v2\/posts\/107909","targetHints":{"allow":["GET"]}}],"collection":[{"href":"https:\/\/zjarr.tv\/en\/wp-json\/wp\/v2\/posts"}],"about":[{"href":"https:\/\/zjarr.tv\/en\/wp-json\/wp\/v2\/types\/post"}],"author":[{"embeddable":true,"href":"https:\/\/zjarr.tv\/en\/wp-json\/wp\/v2\/users\/2013"}],"replies":[{"embeddable":true,"href":"https:\/\/zjarr.tv\/en\/wp-json\/wp\/v2\/comments?post=107909"}],"version-history":[{"count":0,"href":"https:\/\/zjarr.tv\/en\/wp-json\/wp\/v2\/posts\/107909\/revisions"}],"wp:featuredmedia":[{"embeddable":true,"href":"https:\/\/zjarr.tv\/en\/wp-json\/wp\/v2\/media\/107911"}],"wp:attachment":[{"href":"https:\/\/zjarr.tv\/en\/wp-json\/wp\/v2\/media?parent=107909"}],"wp:term":[{"taxonomy":"category","embeddable":true,"href":"https:\/\/zjarr.tv\/en\/wp-json\/wp\/v2\/categories?post=107909"},{"taxonomy":"post_tag","embeddable":true,"href":"https:\/\/zjarr.tv\/en\/wp-json\/wp\/v2\/tags?post=107909"}],"curies":[{"name":"wp","href":"https:\/\/api.w.org\/{rel}","templated":true}]}}