{"id":107914,"date":"2019-09-19T18:19:14","date_gmt":"2019-09-19T16:19:14","guid":{"rendered":"https:\/\/zjarr.tv\/?p=107914"},"modified":"2019-09-19T18:19:14","modified_gmt":"2019-09-19T16:19:14","slug":"ne-pritje-te-vendimit-cfare-po-ndodh-tek-krimet-e-renda-pse-tahiri-i-shpeton-burgut-edhe-nese-denohet","status":"publish","type":"post","link":"https:\/\/zjarr.tv\/en\/ne-pritje-te-vendimit-cfare-po-ndodh-tek-krimet-e-renda-pse-tahiri-i-shpeton-burgut-edhe-nese-denohet\/","title":{"rendered":"N\u00eb pritje t\u00eb vendimit\/ \u00c7far\u00eb po ndodh tek Krimet e R\u00ebnda pse Tahiri i shp\u00ebton burgut edhe n\u00ebse d\u00ebnohet"},"content":{"rendered":"<p>Ka kaluar m\u00eb shum\u00eb se nj\u00eb or\u00eb nga koha kur gjykata e Shkall\u00ebs s\u00eb Par\u00eb t\u00eb Krimeve t\u00eb R\u00ebnda do duhej t\u00eb jepte vendimin p\u00ebr ish-ministrin e Brendsh\u00ebm Saimir Tahiri por ende nuk ka asnj\u00eb njoftim. Ndon\u00ebse Gjykata e Krimeve t\u00eb R\u00ebnda \u00ebsht\u00eb kthyer n\u00eb sken\u00ebn ku jan\u00eb drejtuar t\u00eb gjith\u00eb syt\u00eb, verdikti me sa duket \u00ebsht\u00eb i v\u00ebshtir\u00eb p\u00ebr gjykat\u00ebsit.<\/p>\n<p>Nga momenti n\u00eb moment trupa gjykuese e p\u00ebrb\u00ebr\u00eb nga gjyqtar\u00ebt Ardit Mustafai, Flora Hajredinaj dhe Irena Gjoka pritet t\u00eb jap\u00eb vendimin p\u00ebr Tahirin, i cili akuzohet p\u00ebr \u201cKorrupsion t\u00eb zyrtar\u00ebve t\u00eb lart\u00eb\u201d, \u201cTrafik t\u00eb l\u00ebnd\u00ebve narkotike kryer n\u00eb bashk\u00ebpunim\u201d dhe \u201cGrup t\u00eb strukturuar kriminal\u201d, n\u00eb kuad\u00ebr t\u00eb dosjes \u2018Habilaj\u2019.<\/p>\n<p>Por sido q\u00eb t\u00eb jet\u00eb vendimi, ish-ministri nuk do t\u00eb shkoj\u00eb pas hekurave. N\u00ebse Tahiri shpallet i pafajsh\u00ebm, prokuroria pritet t\u00eb d\u00ebrgoj\u00eb dosjen n\u00eb Gjykat\u00ebn e Apelit t\u00eb Krimeve t\u00eb R\u00ebnda, ku do t\u00eb ket\u00eb dhe nj\u00eb vendim p\u00ebr ish-ministrin, por deri tek verdikti final ai do t\u00eb jet\u00eb i lir\u00eb.<\/p>\n<p>Por edhe n\u00ebse Shkalla e Par\u00eb vendos ta d\u00ebnoj\u00eb ish-ministrin Tahiri me 8 vite burg, ashtu si\u00e7 edhe paralajm\u00ebroi avokati Saimir Vishaj p\u00ebr News24, vendimi do t\u00eb apelohet nga pala mbrojt\u00ebse dhe deri n\u00eb nj\u00eb vendeim t\u00eb form\u00ebs s\u00eb prer\u00eb, ai do t\u00eb gjykohet i lir\u00eb, pasi i till\u00eb \u00ebsht\u00eb gjykuar deri tani.<\/p>","protected":false},"excerpt":{"rendered":"<p>Ka kaluar m\u00eb shum\u00eb se nj\u00eb or\u00eb nga koha kur gjykata e Shkall\u00ebs s\u00eb Par\u00eb t\u00eb Krimeve t\u00eb R\u00ebnda do duhej t\u00eb jepte vendimin p\u00ebr ish-ministrin e Brendsh\u00ebm Saimir Tahiri por ende nuk ka asnj\u00eb njoftim. Ndon\u00ebse Gjykata e Krimeve t\u00eb R\u00ebnda \u00ebsht\u00eb kthyer n\u00eb sken\u00ebn ku jan\u00eb drejtuar t\u00eb gjith\u00eb syt\u00eb, verdikti me sa [&hellip;]<\/p>\n","protected":false},"author":2013,"featured_media":97991,"comment_status":"open","ping_status":"closed","sticky":false,"template":"","format":"standard","meta":{"footnotes":""},"categories":[241,235],"tags":[],"class_list":{"0":"post-107914","1":"post","2":"type-post","3":"status-publish","4":"format-standard","5":"has-post-thumbnail","7":"category-aktualitet","8":"category-vendi"},"_links":{"self":[{"href":"https:\/\/zjarr.tv\/en\/wp-json\/wp\/v2\/posts\/107914","targetHints":{"allow":["GET"]}}],"collection":[{"href":"https:\/\/zjarr.tv\/en\/wp-json\/wp\/v2\/posts"}],"about":[{"href":"https:\/\/zjarr.tv\/en\/wp-json\/wp\/v2\/types\/post"}],"author":[{"embeddable":true,"href":"https:\/\/zjarr.tv\/en\/wp-json\/wp\/v2\/users\/2013"}],"replies":[{"embeddable":true,"href":"https:\/\/zjarr.tv\/en\/wp-json\/wp\/v2\/comments?post=107914"}],"version-history":[{"count":0,"href":"https:\/\/zjarr.tv\/en\/wp-json\/wp\/v2\/posts\/107914\/revisions"}],"wp:featuredmedia":[{"embeddable":true,"href":"https:\/\/zjarr.tv\/en\/wp-json\/wp\/v2\/media\/97991"}],"wp:attachment":[{"href":"https:\/\/zjarr.tv\/en\/wp-json\/wp\/v2\/media?parent=107914"}],"wp:term":[{"taxonomy":"category","embeddable":true,"href":"https:\/\/zjarr.tv\/en\/wp-json\/wp\/v2\/categories?post=107914"},{"taxonomy":"post_tag","embeddable":true,"href":"https:\/\/zjarr.tv\/en\/wp-json\/wp\/v2\/tags?post=107914"}],"curies":[{"name":"wp","href":"https:\/\/api.w.org\/{rel}","templated":true}]}}