{"id":108179,"date":"2019-09-21T14:14:52","date_gmt":"2019-09-21T12:14:52","guid":{"rendered":"https:\/\/zjarr.tv\/?p=108179"},"modified":"2019-09-21T14:14:52","modified_gmt":"2019-09-21T12:14:52","slug":"keshilli-i-evropes-shqiperise-hiqni-dore-nga-rrahja-e-te-burgosurve-vini-televizore-ne-cdo-qeli","status":"publish","type":"post","link":"https:\/\/zjarr.tv\/en\/keshilli-i-evropes-shqiperise-hiqni-dore-nga-rrahja-e-te-burgosurve-vini-televizore-ne-cdo-qeli\/","title":{"rendered":"K\u00ebshilli i Evrop\u00ebs, Shqip\u00ebris\u00eb: Hiqni dor\u00eb nga rrahja e t\u00eb burgosurve, vini televizor\u00eb n\u00eb \u00e7do qeli"},"content":{"rendered":"<p>Komiteti Kund\u00ebr Tortur\u00ebs pran\u00eb K\u00ebshillit t\u00eb Europ\u00ebs publikon raportin e gjetjeve pas monitorimit t\u00eb burgjeve n\u00eb vendin ton\u00eb. Monitorimi p\u00ebrfundoi n\u00eb dhjetor t\u00eb vitit 2018 dhe vet\u00ebm tre dit\u00eb m\u00eb par\u00eb ai \u00ebsht\u00eb botuar n\u00eb faqen zyrtare t\u00eb K\u00ebshillit t\u00eb Evrop\u00ebs.<\/p>\n<p>Dhuna ndaj t\u00eb burgosurve, kushtet n\u00eb qelit\u00eb, diskriminimi, trajtimi jo i mir\u00eb i personave t\u00eb huaj t\u00eb d\u00ebnuar, mbajtja e t\u00eb miturve n\u00eb t\u00eb nj\u00ebjtin burg me t\u00eb rriturit, trajtimi jo njer\u00ebzor i personave me probleme mendore, dhuna gjat\u00eb shoq\u00ebrimit n\u00eb polici, jan\u00eb disa nga gjetjet q\u00eb sipas komitetit kund\u00ebr tortur\u00ebs vazhdojn\u00eb t\u00eb mos marrin zgjidhje, p\u00ebrcjell Faxweb. K\u00ebshilli i Evrop\u00ebs i t\u00ebrheq v\u00ebmendjen qeveris\u00eb shqiptare p\u00ebr mos p\u00ebrmbushjen e detyrave t\u00eb l\u00ebna prej tyre me her\u00ebt.<\/p>\n<p>N\u00eb p\u00ebrfundim t\u00eb raportit, K\u00ebshilli i Evrop\u00ebs i rekomandon qeveris\u00eb shqiptare t\u00eb marr\u00eb masa t\u00eb menj\u00ebhershme p\u00ebr p\u00ebrmir\u00ebsimin e kushteve n\u00eb burgje.<\/p>\n<p>I lihet afat 6 muaj qeveris\u00eb p\u00ebr p\u00ebrmbushjen e kritereve, nd\u00ebrkoh\u00eb q\u00eb nj\u00eb rekomandim i ve\u00e7ant\u00eb \u00ebsht\u00eb b\u00ebr\u00eb p\u00ebr nd\u00ebrhyrjen e domosdoshme n\u00eb legjislacion.<\/p>\n<p>Sipas KiE, qeveria duhet t\u00eb marr\u00eb masa p\u00ebr t\u00eb siguruar televizor n\u00eb \u00e7do qeli. Nd\u00ebrkoh\u00eb i vetmi premtim q\u00eb kan\u00eb marr\u00eb nga ministrja Etilda Gjonaj \u00ebsht\u00eb trajtimi ndryshe q\u00eb do t\u2019u b\u00ebhet t\u00eb d\u00ebnuarve me shtet\u00ebsi t\u00eb huaj. \u00cbsht\u00eb premtuar se t\u00eb huajve do t\u2019u lihet m\u00eb tep\u00ebr koh\u00eb n\u00eb dispozicion p\u00ebr t\u00eb qen\u00eb n\u00eb aj\u00ebr t\u00eb past\u00ebr dhe \u00e7do m\u00ebngjes do t\u00eb b\u00ebjn\u00eb ushtrime.<\/p>","protected":false},"excerpt":{"rendered":"<p>Komiteti Kund\u00ebr Tortur\u00ebs pran\u00eb K\u00ebshillit t\u00eb Europ\u00ebs publikon raportin e gjetjeve pas monitorimit t\u00eb burgjeve n\u00eb vendin ton\u00eb. Monitorimi p\u00ebrfundoi n\u00eb dhjetor t\u00eb vitit 2018 dhe vet\u00ebm tre dit\u00eb m\u00eb par\u00eb ai \u00ebsht\u00eb botuar n\u00eb faqen zyrtare t\u00eb K\u00ebshillit t\u00eb Evrop\u00ebs. Dhuna ndaj t\u00eb burgosurve, kushtet n\u00eb qelit\u00eb, diskriminimi, trajtimi jo i mir\u00eb i personave [&hellip;]<\/p>\n","protected":false},"author":2013,"featured_media":108180,"comment_status":"open","ping_status":"closed","sticky":false,"template":"","format":"standard","meta":{"footnotes":""},"categories":[241,235],"tags":[],"class_list":{"0":"post-108179","1":"post","2":"type-post","3":"status-publish","4":"format-standard","5":"has-post-thumbnail","7":"category-aktualitet","8":"category-vendi"},"_links":{"self":[{"href":"https:\/\/zjarr.tv\/en\/wp-json\/wp\/v2\/posts\/108179","targetHints":{"allow":["GET"]}}],"collection":[{"href":"https:\/\/zjarr.tv\/en\/wp-json\/wp\/v2\/posts"}],"about":[{"href":"https:\/\/zjarr.tv\/en\/wp-json\/wp\/v2\/types\/post"}],"author":[{"embeddable":true,"href":"https:\/\/zjarr.tv\/en\/wp-json\/wp\/v2\/users\/2013"}],"replies":[{"embeddable":true,"href":"https:\/\/zjarr.tv\/en\/wp-json\/wp\/v2\/comments?post=108179"}],"version-history":[{"count":0,"href":"https:\/\/zjarr.tv\/en\/wp-json\/wp\/v2\/posts\/108179\/revisions"}],"wp:featuredmedia":[{"embeddable":true,"href":"https:\/\/zjarr.tv\/en\/wp-json\/wp\/v2\/media\/108180"}],"wp:attachment":[{"href":"https:\/\/zjarr.tv\/en\/wp-json\/wp\/v2\/media?parent=108179"}],"wp:term":[{"taxonomy":"category","embeddable":true,"href":"https:\/\/zjarr.tv\/en\/wp-json\/wp\/v2\/categories?post=108179"},{"taxonomy":"post_tag","embeddable":true,"href":"https:\/\/zjarr.tv\/en\/wp-json\/wp\/v2\/tags?post=108179"}],"curies":[{"name":"wp","href":"https:\/\/api.w.org\/{rel}","templated":true}]}}