{"id":108183,"date":"2019-09-21T14:17:02","date_gmt":"2019-09-21T12:17:02","guid":{"rendered":"https:\/\/zjarr.tv\/?p=108183"},"modified":"2019-09-21T14:17:02","modified_gmt":"2019-09-21T12:17:02","slug":"iken-nga-arresti-dhe-merr-peng-urbanin-plot-me-pasagjere-ne-tirane","status":"publish","type":"post","link":"https:\/\/zjarr.tv\/en\/iken-nga-arresti-dhe-merr-peng-urbanin-plot-me-pasagjere-ne-tirane\/","title":{"rendered":"Ik\u00ebn nga arresti dhe merr peng urbanin plot me pasagjer\u00eb n\u00eb Tiran\u00eb!"},"content":{"rendered":"<p>Nj\u00eb ngjarje e pazakont\u00eb ka ndodhur dit\u00eb ne djeshme n\u00eb autobusin e nj\u00eb linje urbani n\u00eb Tiran\u00eb. 23 vje\u00e7ari me inicialet A.K ka thyer mas\u00ebn e siguris\u00eb \u2018Arrest sht\u00ebpie\u2019 dhe ka goditur me mjete t\u00eb forta shoferin e nj\u00eb linjes urbane me mjete t\u00eb forta n\u00eb fytyr\u00eb. Arsyeja pse \u00ebsht\u00eb konfliktuar me\u00a0shoferin jan\u00eb motive t\u00eb dob\u00ebta: Pse nuk ec\u00ebn shpejt\u00a0urbani!!! Ky konflikt ka vazhduar p\u00ebr rreth 20 minuta dhe t\u00eb pranishmit\u00a0n\u00eb urban kan\u00eb par\u00eb tmerr me sy\u00a0derisa i riu \u00ebsht\u00eb arrestuar nga policia n\u00eb flagranc\u00eb.<\/p>\n<p>M\u00eb posht\u00eb do t\u00eb gjeni njoftimin e plot\u00eb t\u00eb policis\u00eb.<\/p>\n<div id=\"rekl-28\"><\/div>\n<div class=\"in-artile-read-more\"><\/div>\n<p>Thyen mas\u00ebn e siguris\u00eb &#8220;Arrest sht\u00ebpie&#8221; dhe m\u00eb pas konfliktohet p\u00ebr motive t\u00eb dob\u00ebta me shoferin e autobusit t\u00eb nj\u00eb linje urbani duke e goditur me mjete t\u00eb forta, vihet n\u00eb pranga nga Policia 23-vje\u00e7ari.\u00a0Komisariati\u00a0i Policis\u00eb Nr.2 arrestoi\u00a0n\u00eb flagranc\u00eb shtetasin:A. K., 23 vje\u00e7, banues n\u00eb Tiran\u00eb, me precedent\u00eb t\u00eb m\u00ebparsh\u00ebm penal.<\/p>\n<p>Ai kishte thyer mas\u00ebn e siguris\u00eb &#8220;Arrest sht\u00ebpie&#8221; duke dal\u00eb nga sht\u00ebpia dhe m\u00eb pas ishte\u00a0konfliktuar p\u00ebr motive t\u00eb dob\u00ebta, pse autobuzi nuk ecte shpejt, me shoferin e autobusit t\u00eb nj\u00eb linje urbani, duke e goditur me mjete t\u00eb forta n\u00eb pjes\u00ebn e fytyr\u00ebs.<\/p>\n<p>Pas marrjes s\u00eb njoftimit, Policia\u00a0ka\u00a0mb\u00ebrritur menj\u00ebher\u00eb n\u00eb vendngjarje dhe e ka arrestuar\u00a0A. K. p\u00ebr\u00a0&#8220;Plagosje t\u00eb\u00a0leht\u00eb me dashje&#8221; dhe &#8220;Largim i t\u00eb burgosurit nga vendi i q\u00ebndrimit&#8221;.<\/p>","protected":false},"excerpt":{"rendered":"<p>Nj\u00eb ngjarje e pazakont\u00eb ka ndodhur dit\u00eb ne djeshme n\u00eb autobusin e nj\u00eb linje urbani n\u00eb Tiran\u00eb. 23 vje\u00e7ari me inicialet A.K ka thyer mas\u00ebn e siguris\u00eb \u2018Arrest sht\u00ebpie\u2019 dhe ka goditur me mjete t\u00eb forta shoferin e nj\u00eb linjes urbane me mjete t\u00eb forta n\u00eb fytyr\u00eb. Arsyeja pse \u00ebsht\u00eb konfliktuar me\u00a0shoferin jan\u00eb motive t\u00eb [&hellip;]<\/p>\n","protected":false},"author":2013,"featured_media":100067,"comment_status":"open","ping_status":"closed","sticky":false,"template":"","format":"standard","meta":{"footnotes":""},"categories":[241,235],"tags":[],"class_list":{"0":"post-108183","1":"post","2":"type-post","3":"status-publish","4":"format-standard","5":"has-post-thumbnail","7":"category-aktualitet","8":"category-vendi"},"_links":{"self":[{"href":"https:\/\/zjarr.tv\/en\/wp-json\/wp\/v2\/posts\/108183","targetHints":{"allow":["GET"]}}],"collection":[{"href":"https:\/\/zjarr.tv\/en\/wp-json\/wp\/v2\/posts"}],"about":[{"href":"https:\/\/zjarr.tv\/en\/wp-json\/wp\/v2\/types\/post"}],"author":[{"embeddable":true,"href":"https:\/\/zjarr.tv\/en\/wp-json\/wp\/v2\/users\/2013"}],"replies":[{"embeddable":true,"href":"https:\/\/zjarr.tv\/en\/wp-json\/wp\/v2\/comments?post=108183"}],"version-history":[{"count":0,"href":"https:\/\/zjarr.tv\/en\/wp-json\/wp\/v2\/posts\/108183\/revisions"}],"wp:featuredmedia":[{"embeddable":true,"href":"https:\/\/zjarr.tv\/en\/wp-json\/wp\/v2\/media\/100067"}],"wp:attachment":[{"href":"https:\/\/zjarr.tv\/en\/wp-json\/wp\/v2\/media?parent=108183"}],"wp:term":[{"taxonomy":"category","embeddable":true,"href":"https:\/\/zjarr.tv\/en\/wp-json\/wp\/v2\/categories?post=108183"},{"taxonomy":"post_tag","embeddable":true,"href":"https:\/\/zjarr.tv\/en\/wp-json\/wp\/v2\/tags?post=108183"}],"curies":[{"name":"wp","href":"https:\/\/api.w.org\/{rel}","templated":true}]}}