{"id":108192,"date":"2019-09-21T14:23:53","date_gmt":"2019-09-21T12:23:53","guid":{"rendered":"https:\/\/zjarr.tv\/?p=108192"},"modified":"2019-09-21T14:23:53","modified_gmt":"2019-09-21T12:23:53","slug":"kontejneri-me-kokaine-krimet-e-renda-lene-ne-burg-arber-cekajn-avokati-kishte-vetem-bananet","status":"publish","type":"post","link":"https:\/\/zjarr.tv\/en\/kontejneri-me-kokaine-krimet-e-renda-lene-ne-burg-arber-cekajn-avokati-kishte-vetem-bananet\/","title":{"rendered":"Kontejneri me kokain\u00eb, Krimet e R\u00ebnda l\u00ebn\u00eb n\u00eb burg Arb\u00ebr \u00c7ekajn. Avokati: Kishte vet\u00ebm bananet"},"content":{"rendered":"<p>Gjykata p\u00ebr Krime t\u00eb R\u00ebnda ka l\u00ebn\u00eb n\u00eb fuqi vendimin arrest me burg t\u00eb dh\u00ebn\u00eb n\u00eb mars t\u00eb 2018 p\u00ebr Arb\u00ebr \u00c7ekajn, pronari i ngarkes\u00ebs me banane ku u kapen 613 kg kokain\u00eb.\u00a0Sipas avokatit Arb\u00ebr \u00c7ekaj ka patur vet\u00ebm bananet, nd\u00ebrsa pronari i kontenierit ka qen\u00eb tjet\u00ebr person dhe ai duhet hetuar. Arb\u00ebr \u00c7ekaj sipas avokatit nuk ka lidhje me k\u00ebt\u00eb ngjarje.<\/p>\n<p>Biznesmenit \u00c7ekaj u ekstradua m\u00eb 19 shtator nga Gjermania. Ai u arrestuar n\u00eb Gjermani, ku zhvilloi nj\u00eb betej\u00eb t\u00eb gjat\u00eb gjyq\u00ebsore me autoritetet gjermane, betej\u00eb t\u00eb cil\u00ebn pritet t\u00eb nis\u00eb jav\u00ebn e ardhshme me autoritetet shqiptare. Do t\u00eb jet\u00eb nj\u00eb betej\u00eb e gjat\u00eb, pasi ai \u00ebsht\u00eb dyshuar edhe m\u00eb par\u00eb p\u00ebr trafik droge, p\u00ebr nj\u00eb sasi t\u00eb kapur n\u00eb Ekuador.<\/p>\n<p>Arb\u00ebr \u00c7ekaj \u00ebsht\u00eb pronari i firm\u00ebs \u201cArbri Garden\u201d, ku u sekuestrua kontenieri me 613 kg kokain\u00eb, n\u00eb magazinat e k\u00ebsaj kompanie n\u00eb Maminas.<\/p>","protected":false},"excerpt":{"rendered":"<p>Gjykata p\u00ebr Krime t\u00eb R\u00ebnda ka l\u00ebn\u00eb n\u00eb fuqi vendimin arrest me burg t\u00eb dh\u00ebn\u00eb n\u00eb mars t\u00eb 2018 p\u00ebr Arb\u00ebr \u00c7ekajn, pronari i ngarkes\u00ebs me banane ku u kapen 613 kg kokain\u00eb.\u00a0Sipas avokatit Arb\u00ebr \u00c7ekaj ka patur vet\u00ebm bananet, nd\u00ebrsa pronari i kontenierit ka qen\u00eb tjet\u00ebr person dhe ai duhet hetuar. Arb\u00ebr \u00c7ekaj sipas [&hellip;]<\/p>\n","protected":false},"author":2013,"featured_media":44639,"comment_status":"open","ping_status":"closed","sticky":false,"template":"","format":"standard","meta":{"footnotes":""},"categories":[241,235],"tags":[],"class_list":{"0":"post-108192","1":"post","2":"type-post","3":"status-publish","4":"format-standard","5":"has-post-thumbnail","7":"category-aktualitet","8":"category-vendi"},"_links":{"self":[{"href":"https:\/\/zjarr.tv\/en\/wp-json\/wp\/v2\/posts\/108192","targetHints":{"allow":["GET"]}}],"collection":[{"href":"https:\/\/zjarr.tv\/en\/wp-json\/wp\/v2\/posts"}],"about":[{"href":"https:\/\/zjarr.tv\/en\/wp-json\/wp\/v2\/types\/post"}],"author":[{"embeddable":true,"href":"https:\/\/zjarr.tv\/en\/wp-json\/wp\/v2\/users\/2013"}],"replies":[{"embeddable":true,"href":"https:\/\/zjarr.tv\/en\/wp-json\/wp\/v2\/comments?post=108192"}],"version-history":[{"count":0,"href":"https:\/\/zjarr.tv\/en\/wp-json\/wp\/v2\/posts\/108192\/revisions"}],"wp:featuredmedia":[{"embeddable":true,"href":"https:\/\/zjarr.tv\/en\/wp-json\/wp\/v2\/media\/44639"}],"wp:attachment":[{"href":"https:\/\/zjarr.tv\/en\/wp-json\/wp\/v2\/media?parent=108192"}],"wp:term":[{"taxonomy":"category","embeddable":true,"href":"https:\/\/zjarr.tv\/en\/wp-json\/wp\/v2\/categories?post=108192"},{"taxonomy":"post_tag","embeddable":true,"href":"https:\/\/zjarr.tv\/en\/wp-json\/wp\/v2\/tags?post=108192"}],"curies":[{"name":"wp","href":"https:\/\/api.w.org\/{rel}","templated":true}]}}