{"id":108214,"date":"2019-09-21T15:16:26","date_gmt":"2019-09-21T13:16:26","guid":{"rendered":"https:\/\/zjarr.tv\/?p=108214"},"modified":"2019-09-21T15:16:26","modified_gmt":"2019-09-21T13:16:26","slug":"tahiri-ceshtje-e-drejtesise-rama-flet-per-here-te-pare-pas-denimit-ne-raport-me-ligjin-pergjegjesia","status":"publish","type":"post","link":"https:\/\/zjarr.tv\/en\/tahiri-ceshtje-e-drejtesise-rama-flet-per-here-te-pare-pas-denimit-ne-raport-me-ligjin-pergjegjesia\/","title":{"rendered":"\u201cTahiri, \u00e7\u00ebshtje e drejt\u00ebsis\u00eb\u201d, Rama flet p\u00ebr her\u00eb t\u00eb par\u00eb pas d\u00ebnimit: N\u00eb raport me ligjin p\u00ebrgjegj\u00ebsia\u2026"},"content":{"rendered":"<p>Kryeministri Rama deklaroi sot se Saimir Tahiri \u00ebsht\u00eb nj\u00eb \u00e7\u00ebshtje e drejt\u00ebsis\u00eb. I pyetur nga Top Channel, Rama tha se \u00e7do p\u00ebrgjegj\u00ebsi n\u00eb raport me ligjin e kujtdo \u00ebsht\u00eb personale.<\/p>\n<p>\u201cP\u00ebrgjegj\u00ebsia e forc\u00ebs politike dhe qeveris\u00eb \u00ebsht\u00eb m\u00ebnyra se si reagon ndaj cilitdo q\u00eb ka problem me ligjin\u201d. N\u00eb k\u00ebt\u00eb aspekt thot\u00eb Rama jemi nj\u00eb shembull i pakonkurruesh\u00ebm n\u00eb historin\u00eb e k\u00ebtyre 30 viteve.<\/p>\n<p>Ish-Ministri i Brendsh\u00ebm, Saimir Tahiri foli sot p\u00ebr d\u00ebnimin e tij nga Gjykata e Krimeve t\u00eb R\u00ebnda duke th\u00ebn\u00eb se do t\u00eb vazhdoj\u00eb betej\u00ebn ligjore duke apeluar vendimin. Por ai quajti presion q\u00ebndrimin amerikan pasi Ambasada e Shteteve t\u00eb Bashkuara e quajti d\u00ebnimin e tij shkurajues n\u00eb krahasim me akuzat.<\/p>\n<p><strong>Zoti Kryeminist\u00ebr. Si e prit\u00ebt vendimin e d\u00ebnimit p\u00ebr shp\u00ebrdorim detyre t\u00eb Saimir Tahirit, i vler\u00ebsuar nga ana juaj si ministri kampion?<\/strong><br \/>\n\u00cbsht\u00eb nj\u00eb \u00e7\u00ebshtje e drejt\u00ebsis\u00eb dhe un\u00eb s\u2019kam komentuar e as komentoj dhe s\u2019kam gj\u00eb p\u00ebr t\u00eb th\u00ebn\u00eb.<\/p>\n<div id=\"videoad\"><\/div>\n<div id=\"pa_1x1_psbk_1569071750591\">\n<div id=\"div-gpt-ad-1558360783626-0\">\n<div id=\"google_ads_iframe_\/1025510\/13900472_balkanweb.com_inarticle_300x250_0__container__\"><\/div>\n<\/div>\n<\/div>\n<p><strong>Kur prokuroria k\u00ebrkonte arrestimin e Saimir Tahirit m\u00eb 23 tetor 2017 n\u00eb mbledhjen e grupit parlamentar deklaruat: \u201cUroj q\u00eb t\u00eb mos e kem pishmanin e jet\u00ebs time politike gjith\u00e7ka kam dh\u00ebn\u00eb dhe gjith\u00e7ka kam marr\u00eb nga Saimir Tahiri. \u2018Un\u00eb e dua Saimirin, por sot, m\u00eb shum\u00eb se Saimirin dua drejt\u00ebsin\u00eb t\u00eb m\u00eb tregoj\u00eb t\u00eb v\u00ebrtet\u00ebn. Drejt\u00ebsia foli zoti kryeminist\u00ebr. A \u00ebsht\u00eb tashm\u00eb zoti Tahiri pishmani juaj?<\/strong><br \/>\nKjo \u00ebsht\u00eb nj\u00eb \u00e7\u00ebshtje e drejt\u00ebsis\u00eb dhe un\u00eb s\u2019kam asgj\u00eb p\u00ebr t\u00eb th\u00ebn\u00eb sepse procesi vazhdon.<\/p>\n<p><strong>A keni ju zoti Kryeminist\u00ebr p\u00ebrgjegj\u00ebsi morale dhe politike p\u00ebr k\u00ebt\u00eb d\u00ebnim pasi Saimir Tahiri ishte nj\u00eb prej bashk\u00ebpun\u00ebtor\u00ebve dhe nj\u00eb prej ministrave tuaj m\u00eb t\u00eb r\u00ebnd\u00ebsish\u00ebm?<\/strong><br \/>\nNuk kam asnj\u00eb koment p\u00ebr t\u00eb b\u00ebr\u00eb sepse \u00ebsht\u00eb nj\u00eb \u00e7\u00ebshtje e drejt\u00ebsis\u00eb. Nga dita e par\u00eb deri n\u00eb dit\u00ebn e fundit kam qen\u00eb dhe mbetem i ides\u00eb se \u00e7do p\u00ebrgjegj\u00ebsi n\u00eb raport me ligjin e kujtdo qoft\u00eb \u00ebsht\u00eb personale, nd\u00ebrkoh\u00eb q\u00eb p\u00ebrgjegj\u00ebsia e forc\u00ebs politike apo e Qeveris\u00eb \u00ebsht\u00eb m\u00ebnyra se si reagon ndaj cilitdo q\u00eb ka nj\u00eb problem me ligjin. N\u00eb k\u00ebt\u00eb aspekt besoj se jemi nj\u00eb shembull i pakonkurruesh\u00ebm n\u00eb historin\u00eb e k\u00ebtyre 30 viteve.<\/p>","protected":false},"excerpt":{"rendered":"<p>Kryeministri Rama deklaroi sot se Saimir Tahiri \u00ebsht\u00eb nj\u00eb \u00e7\u00ebshtje e drejt\u00ebsis\u00eb. I pyetur nga Top Channel, Rama tha se \u00e7do p\u00ebrgjegj\u00ebsi n\u00eb raport me ligjin e kujtdo \u00ebsht\u00eb personale. \u201cP\u00ebrgjegj\u00ebsia e forc\u00ebs politike dhe qeveris\u00eb \u00ebsht\u00eb m\u00ebnyra se si reagon ndaj cilitdo q\u00eb ka problem me ligjin\u201d. N\u00eb k\u00ebt\u00eb aspekt thot\u00eb Rama jemi nj\u00eb [&hellip;]<\/p>\n","protected":false},"author":2013,"featured_media":99681,"comment_status":"open","ping_status":"closed","sticky":false,"template":"","format":"standard","meta":{"footnotes":""},"categories":[241,235],"tags":[],"class_list":{"0":"post-108214","1":"post","2":"type-post","3":"status-publish","4":"format-standard","5":"has-post-thumbnail","7":"category-aktualitet","8":"category-vendi"},"_links":{"self":[{"href":"https:\/\/zjarr.tv\/en\/wp-json\/wp\/v2\/posts\/108214","targetHints":{"allow":["GET"]}}],"collection":[{"href":"https:\/\/zjarr.tv\/en\/wp-json\/wp\/v2\/posts"}],"about":[{"href":"https:\/\/zjarr.tv\/en\/wp-json\/wp\/v2\/types\/post"}],"author":[{"embeddable":true,"href":"https:\/\/zjarr.tv\/en\/wp-json\/wp\/v2\/users\/2013"}],"replies":[{"embeddable":true,"href":"https:\/\/zjarr.tv\/en\/wp-json\/wp\/v2\/comments?post=108214"}],"version-history":[{"count":0,"href":"https:\/\/zjarr.tv\/en\/wp-json\/wp\/v2\/posts\/108214\/revisions"}],"wp:featuredmedia":[{"embeddable":true,"href":"https:\/\/zjarr.tv\/en\/wp-json\/wp\/v2\/media\/99681"}],"wp:attachment":[{"href":"https:\/\/zjarr.tv\/en\/wp-json\/wp\/v2\/media?parent=108214"}],"wp:term":[{"taxonomy":"category","embeddable":true,"href":"https:\/\/zjarr.tv\/en\/wp-json\/wp\/v2\/categories?post=108214"},{"taxonomy":"post_tag","embeddable":true,"href":"https:\/\/zjarr.tv\/en\/wp-json\/wp\/v2\/tags?post=108214"}],"curies":[{"name":"wp","href":"https:\/\/api.w.org\/{rel}","templated":true}]}}