{"id":108225,"date":"2019-09-21T16:47:16","date_gmt":"2019-09-21T14:47:16","guid":{"rendered":"https:\/\/zjarr.tv\/?p=108225"},"modified":"2019-09-21T16:47:16","modified_gmt":"2019-09-21T14:47:16","slug":"shqiperia-ne-terr-komunikimi-ja-cfare-po-ndodh-ne-keto-momente-pas-termetit","status":"publish","type":"post","link":"https:\/\/zjarr.tv\/en\/shqiperia-ne-terr-komunikimi-ja-cfare-po-ndodh-ne-keto-momente-pas-termetit\/","title":{"rendered":"Shqip\u00ebria n\u00eb terr komunikimi, ja \u00e7far\u00eb po ndodh n\u00eb k\u00ebto momente pas t\u00ebrmetit"},"content":{"rendered":"<p>T\u00ebrmeti i fuqish\u00ebm q\u00eb goditi Tiran\u00ebn dhe disa rrethe t\u00eb Shqip\u00ebris\u00eb me magnitud\u00eb 7.5 ball\u00eb me epiqend\u00ebr n\u00eb Durr\u00ebs n\u00eb detin Adriatik, p\u00ebrpos d\u00ebmeve t\u00eb mundshme materiale, ka sjell\u00eb probleme edhe n\u00eb komunikimin mobile.<\/p>\n<p>Prej gati 40 minutash \u00ebsht\u00eb e pamundur p\u00ebr t\u00eb komunikuar n\u00ebp\u00ebrmjet rrjetit celular.<\/p>\n<div id=\"rekl-28\"><\/div>\n<p>Nd\u00ebrkoh\u00eb q\u00eb p\u00ebr tu lidhur me njer\u00ebzit e af\u00ebrt i vetmi mjet komunimi \u00ebsht\u00eb celulari dhe aplikacionet mesenger, si edhe rrjetet sociale.<\/p>\n<div id=\"rekl-13\">\n<div id=\"__sap-ad-15\" class=\"__sap-ads __sap-html tracked\" data-title=\"Credins desktop 08\"><ins><\/p>\n<div id=\"beacon_73792f28b1\"><img loading=\"lazy\" decoding=\"async\" src=\"https:\/\/ads1.medium.al\/www\/delivery\/lg.php?bannerid=373&amp;campaignid=48&amp;zoneid=182&amp;loc=https%3A%2F%2Fwww.syri.net%2Fsociale%2F281941%2Fshqiperia-ne-terr-komunikimi-ja-cfare-po-ndodh-ne-keto-momente-pas-termetit%2F&amp;referer=https%3A%2F%2Fwww.syri.net%2Flajme%2F&amp;cb=73792f28b1\" alt=\"\" width=\"0\" height=\"0\" \/><\/div>\n<p><\/ins><\/div>\n<\/div>\n<p>Nuk ka ende nj\u00eb informacion lidhur mbi k\u00ebt\u00eb shk\u00ebputje t\u00eb pazakont\u00eb t\u00eb komunikimit me rrjetin celular, n\u00ebse kemi t\u00eb b\u00ebjm\u00eb me d\u00ebmtime t\u00eb antenave, apo \u00ebsht\u00eb nj\u00eb shk\u00ebputje p\u00ebr \u00e7\u00ebshtje sigurie e nd\u00ebrrmarr\u00eb nga vet\u00eb kompanit\u00eb celulare<\/p>","protected":false},"excerpt":{"rendered":"<p>T\u00ebrmeti i fuqish\u00ebm q\u00eb goditi Tiran\u00ebn dhe disa rrethe t\u00eb Shqip\u00ebris\u00eb me magnitud\u00eb 7.5 ball\u00eb me epiqend\u00ebr n\u00eb Durr\u00ebs n\u00eb detin Adriatik, p\u00ebrpos d\u00ebmeve t\u00eb mundshme materiale, ka sjell\u00eb probleme edhe n\u00eb komunikimin mobile. Prej gati 40 minutash \u00ebsht\u00eb e pamundur p\u00ebr t\u00eb komunikuar n\u00ebp\u00ebrmjet rrjetit celular. Nd\u00ebrkoh\u00eb q\u00eb p\u00ebr tu lidhur me njer\u00ebzit e [&hellip;]<\/p>\n","protected":false},"author":2013,"featured_media":59368,"comment_status":"open","ping_status":"closed","sticky":false,"template":"","format":"standard","meta":{"footnotes":""},"categories":[241,235],"tags":[],"class_list":{"0":"post-108225","1":"post","2":"type-post","3":"status-publish","4":"format-standard","5":"has-post-thumbnail","7":"category-aktualitet","8":"category-vendi"},"_links":{"self":[{"href":"https:\/\/zjarr.tv\/en\/wp-json\/wp\/v2\/posts\/108225","targetHints":{"allow":["GET"]}}],"collection":[{"href":"https:\/\/zjarr.tv\/en\/wp-json\/wp\/v2\/posts"}],"about":[{"href":"https:\/\/zjarr.tv\/en\/wp-json\/wp\/v2\/types\/post"}],"author":[{"embeddable":true,"href":"https:\/\/zjarr.tv\/en\/wp-json\/wp\/v2\/users\/2013"}],"replies":[{"embeddable":true,"href":"https:\/\/zjarr.tv\/en\/wp-json\/wp\/v2\/comments?post=108225"}],"version-history":[{"count":0,"href":"https:\/\/zjarr.tv\/en\/wp-json\/wp\/v2\/posts\/108225\/revisions"}],"wp:featuredmedia":[{"embeddable":true,"href":"https:\/\/zjarr.tv\/en\/wp-json\/wp\/v2\/media\/59368"}],"wp:attachment":[{"href":"https:\/\/zjarr.tv\/en\/wp-json\/wp\/v2\/media?parent=108225"}],"wp:term":[{"taxonomy":"category","embeddable":true,"href":"https:\/\/zjarr.tv\/en\/wp-json\/wp\/v2\/categories?post=108225"},{"taxonomy":"post_tag","embeddable":true,"href":"https:\/\/zjarr.tv\/en\/wp-json\/wp\/v2\/tags?post=108225"}],"curies":[{"name":"wp","href":"https:\/\/api.w.org\/{rel}","templated":true}]}}