{"id":108231,"date":"2019-09-21T17:07:16","date_gmt":"2019-09-21T15:07:16","guid":{"rendered":"https:\/\/zjarr.tv\/?p=108231"},"modified":"2019-09-21T17:07:16","modified_gmt":"2019-09-21T15:07:16","slug":"nuk-e-moren-seriozisht-meta-paralajmeroi-per-termetin-apokaliptik-qe-ne-korrik","status":"publish","type":"post","link":"https:\/\/zjarr.tv\/en\/nuk-e-moren-seriozisht-meta-paralajmeroi-per-termetin-apokaliptik-qe-ne-korrik\/","title":{"rendered":"Nuk e mor\u00ebn seriozisht, Meta paralajm\u00ebroi p\u00ebr t\u00ebrmetin apokaliptik q\u00eb n\u00eb korrik"},"content":{"rendered":"<p>Paniku q\u00eb p\u00ebrjetuam sot nga dy l\u00ebkundje t\u00eb forta nuk ishte nj\u00eb situat\u00eb e pa paralajm\u00ebruar. Ishte 29 korriku i k\u00ebtij viti kur Presidenti Ilir Meta dha alarmin p\u00ebr nj\u00eb t\u00ebrmet apokaliptik q\u00eb mund t\u00eb godiste Ballkanin dhe si rrjedhoj\u00eb edhe vendin ton\u00eb.<\/p>\n<p>Alarmi ishte dh\u00ebn\u00ebn n\u00eb Greqi p\u00ebr mund\u00ebsin\u00eb e nj\u00eb t\u00ebrmeti mbi 6 ball\u00eb.<\/p>\n<p>Kjo vuri n\u00eb l\u00ebvizje dhe Presidentin shqiptar. N\u00eb nj\u00eb shkres\u00eb d\u00ebrguar Ministris\u00eb s\u00eb Mbrojtjes Ilir Meta, referuar deklarat\u00ebs s\u00eb sizmologut Akis Tselentis k\u00ebrkoi t\u00eb dij\u00eb n\u00ebse \u00ebsht\u00eb marr\u00eb kontakt me t\u00eb apo me institucionet e tjera t\u00eb rajonit.<\/p>\n<p>Nj\u00eb tjet\u00ebr pyetje Presidenti ngre dhe p\u00ebr kapacitetet q\u00eb ka Shqip\u00ebria n\u00eb p\u00ebrballimin e ngjarjeve t\u00eb tilla dhe masat q\u00eb mund t\u00eb jen\u00eb marr\u00eb nga Ministria e Mbrojtjes p\u00ebr t\u00eb minimizuar pasojat n\u00ebse do t\u00eb ket\u00eb nj\u00eb t\u00ebrmet t\u00eb till\u00eb.<\/p>\n<p>N\u00eb p\u00ebrfundim t\u00eb shkres\u00ebs Presidenti shprehet i gatsh\u00ebm edhe t\u00eb mbledh\u00eb K\u00ebshillin e Siguris\u00eb qoft\u00eb edhe vet\u00ebm p\u00ebr k\u00ebt\u00eb \u00e7\u00ebshtje.<\/p>\n<p><strong><em>Letra e plot\u00eb:<\/em><\/strong><\/p>\n<p>N\u00ebp\u00ebrmjet medies nd\u00ebrkomb\u00ebtare dhe komb\u00ebtare jam informuar mbi paralajm\u00ebrimin p\u00ebr nj\u00eb t\u00ebrmet apokaliptik q\u00eb pritet t\u00eb godas\u00eb Ballkanin. Paralajm\u00ebrimi ka ardhur nga sizmologu i njohur zoti Akis Tselentis, drejtor I institutit gjeodinamik observatori \u00a0komb\u00ebtar i Athin\u00ebs. Sizmologu Tselentis ka paralajm\u00ebruar p\u00ebr nj\u00eb t\u00ebrmet apokaliptik q\u00eb pritet t\u00eb godas\u00eb Ballkanin q\u00eb mund t\u00eb jet\u00eb 30 her\u00eb m\u00eb i fuqish\u00ebm se ai q\u00eb goditi para disa\\ dit\u00ebsh rajonin e Athin\u00ebs<\/p>\n<p>P\u00ebr shkak t\u00eb karakteristikave t\u00eb veta sizmike vendi un\u00eb \u00ebsht\u00eb nj\u00eb nga vendet me sizmicitetin m\u00eb t\u00eb lart\u00eb n\u00eb Evrop\u00eb. Prandaj Shqip\u00ebria \u00ebsht\u00eb nj\u00eb vend I k\u00ebrc\u00ebnuar nga kjo dukuri natyrore.<\/p>\n<p>P\u00ebr sa m\u00eb sip\u00ebr k\u00ebrkoj nga ana juaj t\u00eb informohem mbi:<\/p>\n<p>Institucionet p\u00ebrgjegj\u00ebse a kan\u00eb kontaktuar me sizmologun Tselentis dhe institucionet homologe t\u00eb rajonit lidhur me t\u00eb dh\u00ebnat e tyre p\u00ebr paralajm\u00ebrime t\u00eb tilla?<\/p>\n<p>Cilat jan\u00eb kapacitetet tona p\u00ebr p\u00ebrballimin dhe masat e marra nga ana juaj, n\u00ebse vendi yn\u00eb do t\u00eb goditet nga nj\u00eb t\u00ebrmet I p\u00ebrmasave t\u00eb tilla.<\/p>\n<p>\u00c7far\u00eb masash jan\u00eb marr\u00eb apo do t\u00eb merren p\u00ebr t\u00eb reaguar n\u00eb koh\u00eb dhe p\u00ebr t\u00eb minimizuar pasojat e mundshme n\u00eb nivel qendror dhe vendor?<\/p>\n<p>N\u00ebse e gjykoni t\u00eb domosdoshme jam I gatsh\u00ebm t\u00eb mbledh k\u00ebshillin e siguris\u00eb komb\u00ebtare qoft\u00eb edhe vet\u00ebm p\u00ebr k\u00ebt\u00eb \u00e7\u00ebshtje, pasi \u00e7do n\u00ebnvler\u00ebsim I situat\u00ebs mund t\u00eb jet\u00eb me pasoja tragjike p\u00ebr jet\u00ebn e qytetar\u00ebt n\u00eb radh\u00eb t\u00eb par\u00eb.<\/p>","protected":false},"excerpt":{"rendered":"<p>Paniku q\u00eb p\u00ebrjetuam sot nga dy l\u00ebkundje t\u00eb forta nuk ishte nj\u00eb situat\u00eb e pa paralajm\u00ebruar. Ishte 29 korriku i k\u00ebtij viti kur Presidenti Ilir Meta dha alarmin p\u00ebr nj\u00eb t\u00ebrmet apokaliptik q\u00eb mund t\u00eb godiste Ballkanin dhe si rrjedhoj\u00eb edhe vendin ton\u00eb. Alarmi ishte dh\u00ebn\u00ebn n\u00eb Greqi p\u00ebr mund\u00ebsin\u00eb e nj\u00eb t\u00ebrmeti mbi 6 [&hellip;]<\/p>\n","protected":false},"author":2013,"featured_media":108232,"comment_status":"open","ping_status":"closed","sticky":false,"template":"","format":"standard","meta":{"footnotes":""},"categories":[241,235],"tags":[],"class_list":{"0":"post-108231","1":"post","2":"type-post","3":"status-publish","4":"format-standard","5":"has-post-thumbnail","7":"category-aktualitet","8":"category-vendi"},"_links":{"self":[{"href":"https:\/\/zjarr.tv\/en\/wp-json\/wp\/v2\/posts\/108231","targetHints":{"allow":["GET"]}}],"collection":[{"href":"https:\/\/zjarr.tv\/en\/wp-json\/wp\/v2\/posts"}],"about":[{"href":"https:\/\/zjarr.tv\/en\/wp-json\/wp\/v2\/types\/post"}],"author":[{"embeddable":true,"href":"https:\/\/zjarr.tv\/en\/wp-json\/wp\/v2\/users\/2013"}],"replies":[{"embeddable":true,"href":"https:\/\/zjarr.tv\/en\/wp-json\/wp\/v2\/comments?post=108231"}],"version-history":[{"count":0,"href":"https:\/\/zjarr.tv\/en\/wp-json\/wp\/v2\/posts\/108231\/revisions"}],"wp:featuredmedia":[{"embeddable":true,"href":"https:\/\/zjarr.tv\/en\/wp-json\/wp\/v2\/media\/108232"}],"wp:attachment":[{"href":"https:\/\/zjarr.tv\/en\/wp-json\/wp\/v2\/media?parent=108231"}],"wp:term":[{"taxonomy":"category","embeddable":true,"href":"https:\/\/zjarr.tv\/en\/wp-json\/wp\/v2\/categories?post=108231"},{"taxonomy":"post_tag","embeddable":true,"href":"https:\/\/zjarr.tv\/en\/wp-json\/wp\/v2\/tags?post=108231"}],"curies":[{"name":"wp","href":"https:\/\/api.w.org\/{rel}","templated":true}]}}