{"id":108234,"date":"2019-09-21T18:10:20","date_gmt":"2019-09-21T16:10:20","guid":{"rendered":"https:\/\/zjarr.tv\/?p=108234"},"modified":"2019-09-21T18:10:20","modified_gmt":"2019-09-21T16:10:20","slug":"lekundjet-shoqerohen-nga-pasgoditje-paralajmerimi-i-frikshem-i-sizmiologut","status":"publish","type":"post","link":"https:\/\/zjarr.tv\/en\/lekundjet-shoqerohen-nga-pasgoditje-paralajmerimi-i-frikshem-i-sizmiologut\/","title":{"rendered":"&#8216;L\u00ebkundjet shoq\u00ebrohen nga pasgoditje&#8217;\/ Paralajm\u00ebrimi i friksh\u00ebm i sizmiologut"},"content":{"rendered":"<div class=\"readmore-text-here\">\n<p>Instituti i Gjeoshkencave, Energjise, Ujit dhe Mjedisit ka b\u00ebr\u00eb nj\u00eb panoram\u00eb t\u00eb t\u00ebrmetit q\u00eb goditi sot vendin.<\/p>\n<p>IGJEUM thot\u00eb se epiqendra ka qen\u00eb n\u00eb veri t\u00eb Durr\u00ebsit, n\u00eb Adriatik 5.8 i shkalles Rihter. Por sa i p\u00ebrket ndjeshmeris\u00eb vler\u00ebsohet 7 ball\u00eb n\u00eb Tiran\u00eb dhe rreth 8 ball\u00eb n\u00eb Durr\u00ebs.<\/p>\n<div id=\"rekl-28\"><\/div>\n<p>N\u00eb nj\u00eb prononcim p\u00ebr gazetar\u00ebt,\u00a0Llambro Duni, sizmiolog, u shpreh:\u00a0\u201cKemi p\u00ebrjetuar l\u00ebkundjet m\u00eb t\u00eb forta sizmike n\u00eb vitet e fundit. Mund t\u00eb ket\u00eb d\u00ebme. Pasl\u00ebkundjet do t\u00eb vijojn\u00eb n\u00eb zon\u00ebn q\u00ebndrore, me madh\u00ebsi t\u00eb vog\u00ebl. Veriu i Durr\u00ebsit dhe rrethinat duhet t\u00eb b\u00ebjn\u00eb kujdes.Pas godijes s\u00eb par\u00eb 5.8 ball\u00eb kemi pasur nj\u00eb tjet\u00ebr 5.3 ball\u00eb. Ka efekte dhe n\u00eb Tiran\u00eb. Njer\u00ebzit t\u00eb qet\u00ebsohen, nuk presim goditje t\u00eb tjera. T\u00eb mos rrin\u00eb rrug\u00ebve\u201d.IGJEUM flet p\u00ebr 2 l\u00ebkundje t\u00eb forta dhe 4 m\u00eb t\u00eb lehta. Probabiliteti m\u00eb i lart\u00eb p\u00ebr d\u00ebme ka qen\u00eb n\u00eb epiqendr\u00ebn e t\u00ebrmetit, n\u00eb Durr\u00ebs.<\/p>\n<div id=\"rekl-13\">\n<div id=\"__sap-ad-15\" class=\"__sap-ads __sap-html tracked\" data-title=\"Credins desktop 08\"><\/div>\n<\/div>\n<p>\u201cShqip\u00ebria \u00ebsht\u00eb vend sizmik. T\u00ebrmete t\u00eb k\u00ebsaj natyre jan\u00eb shum\u00eb t\u00eb shpeshta. T\u00ebrmetet e forta ndodhin rrall\u00eb, njer\u00ebzit nuk jan\u00eb m\u00ebsuar. Zonat q\u00eb duhet t\u00eb ken\u00eb m\u00eb shum\u00eb v\u00ebmendje jan\u00eb ato bregdetare, rr\u00ebz\u00eb shpateve\u201d, tha m\u00eb tej Duni.<\/p>\n<\/div>\n<div id=\"rekl-33\"><\/div>","protected":false},"excerpt":{"rendered":"<p>Instituti i Gjeoshkencave, Energjise, Ujit dhe Mjedisit ka b\u00ebr\u00eb nj\u00eb panoram\u00eb t\u00eb t\u00ebrmetit q\u00eb goditi sot vendin. IGJEUM thot\u00eb se epiqendra ka qen\u00eb n\u00eb veri t\u00eb Durr\u00ebsit, n\u00eb Adriatik 5.8 i shkalles Rihter. Por sa i p\u00ebrket ndjeshmeris\u00eb vler\u00ebsohet 7 ball\u00eb n\u00eb Tiran\u00eb dhe rreth 8 ball\u00eb n\u00eb Durr\u00ebs. N\u00eb nj\u00eb prononcim p\u00ebr gazetar\u00ebt,\u00a0Llambro Duni, [&hellip;]<\/p>\n","protected":false},"author":2013,"featured_media":67195,"comment_status":"open","ping_status":"closed","sticky":false,"template":"","format":"standard","meta":{"footnotes":""},"categories":[241,235],"tags":[],"class_list":{"0":"post-108234","1":"post","2":"type-post","3":"status-publish","4":"format-standard","5":"has-post-thumbnail","7":"category-aktualitet","8":"category-vendi"},"_links":{"self":[{"href":"https:\/\/zjarr.tv\/en\/wp-json\/wp\/v2\/posts\/108234","targetHints":{"allow":["GET"]}}],"collection":[{"href":"https:\/\/zjarr.tv\/en\/wp-json\/wp\/v2\/posts"}],"about":[{"href":"https:\/\/zjarr.tv\/en\/wp-json\/wp\/v2\/types\/post"}],"author":[{"embeddable":true,"href":"https:\/\/zjarr.tv\/en\/wp-json\/wp\/v2\/users\/2013"}],"replies":[{"embeddable":true,"href":"https:\/\/zjarr.tv\/en\/wp-json\/wp\/v2\/comments?post=108234"}],"version-history":[{"count":0,"href":"https:\/\/zjarr.tv\/en\/wp-json\/wp\/v2\/posts\/108234\/revisions"}],"wp:featuredmedia":[{"embeddable":true,"href":"https:\/\/zjarr.tv\/en\/wp-json\/wp\/v2\/media\/67195"}],"wp:attachment":[{"href":"https:\/\/zjarr.tv\/en\/wp-json\/wp\/v2\/media?parent=108234"}],"wp:term":[{"taxonomy":"category","embeddable":true,"href":"https:\/\/zjarr.tv\/en\/wp-json\/wp\/v2\/categories?post=108234"},{"taxonomy":"post_tag","embeddable":true,"href":"https:\/\/zjarr.tv\/en\/wp-json\/wp\/v2\/tags?post=108234"}],"curies":[{"name":"wp","href":"https:\/\/api.w.org\/{rel}","templated":true}]}}