{"id":108246,"date":"2019-09-21T19:30:40","date_gmt":"2019-09-21T17:30:40","guid":{"rendered":"https:\/\/zjarr.tv\/?p=108246"},"modified":"2019-09-21T17:17:24","modified_gmt":"2019-09-21T15:17:24","slug":"joe-biden-kerkon-qe-trump-te-publikoje-biseden-me-presidentin-ukrainas","status":"publish","type":"post","link":"https:\/\/zjarr.tv\/en\/joe-biden-kerkon-qe-trump-te-publikoje-biseden-me-presidentin-ukrainas\/","title":{"rendered":"Joe Biden k\u00ebrkon q\u00eb Trump t\u00eb publikoj\u00eb bised\u00ebn me presidentin ukrainas"},"content":{"rendered":"<p>Ish-z\u00ebvend\u00ebspresidenti amerikan Joe Biden, kandidat demokrat p\u00ebr president n\u00eb zgjedhjet e ardhshme presidenciale, ka k\u00ebrkuar nga presidenti Donald Trump q\u00eb t\u00eb b\u00ebj\u00eb publike bised\u00ebn me presidentin ukrainas Volodymyr Zelenskiy, pas dyshimeve se Trump kishte k\u00ebrkuar nga ai hetimin e Biden dhe djalit t\u00eb tij q\u00eb kishte biznes n\u00eb Ukrian\u00eb.<\/p>\n<p>N\u00eb nj\u00eb komunikat\u00eb t\u00eb l\u00ebshuar t\u00eb premten, Biden tha se Trump duhet q\u00eb menj\u00ebher\u00eb t\u00eb b\u00ebj\u00eb publik transkriptin e bisedave dhe pastaj populli do ta gjykoj\u00eb vet\u00eb rastin.<\/p>\n<p>Sht\u00ebpia e P\u00ebrfaq\u00ebsuesve \u00ebsht\u00eb duke hetuar raportimet e mediave ku thuhet se Trump kishte k\u00ebrc\u00ebnuar administrat\u00ebn e Zelenskiyt gjat\u00eb nj\u00eb bisede telefonike p\u00ebr t\u00ebrheqje t\u00eb mb\u00ebshtetjes ushtarake ndaj Ukrain\u00ebs n\u00ebse nuk hetohen Biden dhe djali i tij Hunter Biden.<\/p>\n<p>Demokrat\u00ebt deklaruan se n\u00ebse kjo \u00ebsht\u00eb e v\u00ebrtet\u00eb, at\u00ebher\u00eb do t\u00eb ishte keqp\u00ebrdorim i pushtetit.<\/p>\n<p>Pas fillimit t\u00eb hetimeve t\u00eb telefonat\u00ebs mes Trump dhe Zelenskiyt, Sht\u00ebpia e Bardh\u00eb ka njoftuar jav\u00ebn e kaluar se do t\u00eb l\u00ebshoj\u00eb 250 milion\u00eb dollar\u00eb p\u00ebr ushtrin\u00eb e Ukrain\u00ebs.<\/p>","protected":false},"excerpt":{"rendered":"<p>Ish-z\u00ebvend\u00ebspresidenti amerikan Joe Biden, kandidat demokrat p\u00ebr president n\u00eb zgjedhjet e ardhshme presidenciale, ka k\u00ebrkuar nga presidenti Donald Trump q\u00eb t\u00eb b\u00ebj\u00eb publike bised\u00ebn me presidentin ukrainas Volodymyr Zelenskiy, pas dyshimeve se Trump kishte k\u00ebrkuar nga ai hetimin e Biden dhe djalit t\u00eb tij q\u00eb kishte biznes n\u00eb Ukrian\u00eb. N\u00eb nj\u00eb komunikat\u00eb t\u00eb l\u00ebshuar t\u00eb [&hellip;]<\/p>\n","protected":false},"author":2013,"featured_media":108247,"comment_status":"open","ping_status":"closed","sticky":false,"template":"","format":"standard","meta":{"footnotes":""},"categories":[241,191],"tags":[],"class_list":{"0":"post-108246","1":"post","2":"type-post","3":"status-publish","4":"format-standard","5":"has-post-thumbnail","7":"category-aktualitet","8":"category-bota"},"_links":{"self":[{"href":"https:\/\/zjarr.tv\/en\/wp-json\/wp\/v2\/posts\/108246","targetHints":{"allow":["GET"]}}],"collection":[{"href":"https:\/\/zjarr.tv\/en\/wp-json\/wp\/v2\/posts"}],"about":[{"href":"https:\/\/zjarr.tv\/en\/wp-json\/wp\/v2\/types\/post"}],"author":[{"embeddable":true,"href":"https:\/\/zjarr.tv\/en\/wp-json\/wp\/v2\/users\/2013"}],"replies":[{"embeddable":true,"href":"https:\/\/zjarr.tv\/en\/wp-json\/wp\/v2\/comments?post=108246"}],"version-history":[{"count":0,"href":"https:\/\/zjarr.tv\/en\/wp-json\/wp\/v2\/posts\/108246\/revisions"}],"wp:featuredmedia":[{"embeddable":true,"href":"https:\/\/zjarr.tv\/en\/wp-json\/wp\/v2\/media\/108247"}],"wp:attachment":[{"href":"https:\/\/zjarr.tv\/en\/wp-json\/wp\/v2\/media?parent=108246"}],"wp:term":[{"taxonomy":"category","embeddable":true,"href":"https:\/\/zjarr.tv\/en\/wp-json\/wp\/v2\/categories?post=108246"},{"taxonomy":"post_tag","embeddable":true,"href":"https:\/\/zjarr.tv\/en\/wp-json\/wp\/v2\/tags?post=108246"}],"curies":[{"name":"wp","href":"https:\/\/api.w.org\/{rel}","templated":true}]}}